{"id":15270,"date":"2023-08-30T08:41:03","date_gmt":"2023-08-30T06:41:03","guid":{"rendered":"https:\/\/indeks.mk\/?p=15270"},"modified":"2023-08-30T08:41:03","modified_gmt":"2023-08-30T06:41:03","slug":"ministrja-e-puneve-te-jashtme-e-kanadase-sot-per-vizite-zyrtare-ne-maqedonine-e-veriut","status":"publish","type":"post","link":"https:\/\/indeks.bilten.mk\/?p=15270","title":{"rendered":"Ministrja e Pun\u00ebve t\u00eb Jashtme e Kanadas\u00eb sot p\u00ebr vizit\u00eb zyrtare n\u00eb Maqedonin\u00eb e Veriut"},"content":{"rendered":"<p>Ministrja e Pun\u00ebve t\u00eb Jashtme e Kanadas\u00eb, M\u00e9lanie Joly, sot do t\u00eb jet\u00eb p\u00ebr vizit\u00eb pune n\u00eb Maqedonin\u00eb e Veriut, gjat\u00eb s\u00eb cil\u00ebs do t\u00eb ket\u00eb takim me Ministrin e Pun\u00ebve t\u00eb Jashtme, Bujar Osmani.<\/p>\n<div class=\"code-block code-block-43 code-block-pas-paragrafit-2t-inarticle\">\n<div>\n<div class=\"code-block-label\">N\u00eb fokus t\u00eb bisedimeve do t\u00eb jen\u00eb marr\u00ebdh\u00ebniet dypal\u00ebshe n\u00eb kuad\u00ebr t\u00eb partneritetit strategjik mes dy vendeve, aleanca n\u00eb kuad\u00ebr t\u00eb NATO-s, sfidat e kryesimit t\u00eb vendit me OSBE-n\u00eb, si dhe ngjarje t\u00eb tjera aktuale n\u00eb fush\u00ebn e politik\u00ebs s\u00eb jashtme.<\/div>\n<\/div>\n<\/div>\n<p>Ministrja Joly, gjat\u00eb q\u00ebndrimit n\u00eb Shkup do t\u00eb ket\u00eb takime me kryeministrin Dimitar Kova\u00e7evski, si dhe me ministren e Mbrojtjes, Sllavjanka Petrovska.<\/p>\n","protected":false},"excerpt":{"rendered":"<p>Ministrja e Pun\u00ebve t\u00eb Jashtme e Kanadas\u00eb, M\u00e9lanie Joly, sot do t\u00eb jet\u00eb p\u00ebr vizit\u00eb pune n\u00eb Maqedonin\u00eb e Veriut, gjat\u00eb s\u00eb cil\u00ebs do t\u00eb<\/p>\n","protected":false},"author":14,"featured_media":0,"comment_status":"open","ping_status":"open","sticky":false,"template":"","format":"standard","meta":{"footnotes":""},"categories":[44],"tags":[],"class_list":["post-15270","post","type-post","status-publish","format-standard","hentry","category-maqedoni"],"_links":{"self":[{"href":"https:\/\/indeks.bilten.mk\/index.php?rest_route=\/wp\/v2\/posts\/15270","targetHints":{"allow":["GET"]}}],"collection":[{"href":"https:\/\/indeks.bilten.mk\/index.php?rest_route=\/wp\/v2\/posts"}],"about":[{"href":"https:\/\/indeks.bilten.mk\/index.php?rest_route=\/wp\/v2\/types\/post"}],"author":[{"embeddable":true,"href":"https:\/\/indeks.bilten.mk\/index.php?rest_route=\/wp\/v2\/users\/14"}],"replies":[{"embeddable":true,"href":"https:\/\/indeks.bilten.mk\/index.php?rest_route=%2Fwp%2Fv2%2Fcomments&post=15270"}],"version-history":[{"count":0,"href":"https:\/\/indeks.bilten.mk\/index.php?rest_route=\/wp\/v2\/posts\/15270\/revisions"}],"wp:attachment":[{"href":"https:\/\/indeks.bilten.mk\/index.php?rest_route=%2Fwp%2Fv2%2Fmedia&parent=15270"}],"wp:term":[{"taxonomy":"category","embeddable":true,"href":"https:\/\/indeks.bilten.mk\/index.php?rest_route=%2Fwp%2Fv2%2Fcategories&post=15270"},{"taxonomy":"post_tag","embeddable":true,"href":"https:\/\/indeks.bilten.mk\/index.php?rest_route=%2Fwp%2Fv2%2Ftags&post=15270"}],"curies":[{"name":"wp","href":"https:\/\/api.w.org\/{rel}","templated":true}]}}