{"id":15280,"date":"2023-08-30T09:18:50","date_gmt":"2023-08-30T07:18:50","guid":{"rendered":"https:\/\/indeks.mk\/?p=15280"},"modified":"2023-08-30T09:18:50","modified_gmt":"2023-08-30T07:18:50","slug":"motrat-bejne-twerk-mbi-varrin-e-babait-deshmor-rrezikojne-5-vite-burg-video","status":"publish","type":"post","link":"https:\/\/indeks.bilten.mk\/?p=15280","title":{"rendered":"Motrat b\u00ebjn\u00eb twerk mbi varrin e babait d\u00ebshmor, rrezikojn\u00eb 5 vite burg (VIDEO)"},"content":{"rendered":"<p>K\u00ebrcimi provokues mbi varrin e babait t\u00eb tyre, q\u00eb \u00ebsht\u00eb nj\u00eb hero n\u00eb luft\u00ebn e Ukrain\u00ebs p\u00ebr liri, do ti kushtoj\u00eb shtrenjt\u00eb dy vajzave nga Kievi, t\u00eb cilat jan\u00eb arrestuar nga policia dhe rrezikojn\u00eb deri n\u00eb 5 vite burg.<\/p>\n<p>Dy motrat kishin shkuar p\u00ebr t\u00eb vizituar varrin e babait t\u00eb tyre n\u00eb varrezat \u201cForest\u201d t\u00eb kryeqytetit ukrainas m\u00eb 24 gusht.<\/p>\n<div class=\"\">\n<h3><span style=\"font-size: 16px;\">Por n\u00eb vend t\u00eb nderimeve p\u00ebr babain e ndjer\u00eb, ato zgjodh\u00ebn t\u00eb filmojn\u00eb nj\u00eb video p\u00ebr ta postuar n\u00eb rrjetet sociale, ku t\u00eb dyja nisin t\u00eb k\u00ebrcejn\u00eb dhe b\u00ebjn\u00eb twerk.<\/span><\/h3>\n<\/div>\n<p><iframe loading=\"lazy\" title=\"Two sisters detained after dancing and filming in Ukrainian military grave\" src=\"https:\/\/www.youtube.com\/embed\/rd9oUOsvnFY\" width=\"327\" height=\"582\" frameborder=\"0\" allowfullscreen=\"allowfullscreen\" data-mce-fragment=\"1\"><\/iframe><\/p>\n<p>Video e b\u00ebr\u00eb virale tregon dy motrat, e veshura me bluza t\u00eb zeza dhe pantallona t\u00eb shkurtra duke k\u00ebrcyer nd\u00ebrsa q\u00ebndrojn\u00eb midis varreve t\u00eb ushtar\u00ebve q\u00eb jan\u00eb stolisur me lule dhe flamurin ukrainas.<\/p>\n<p>Babai i vajzave ishte nj\u00eb ushtar i Brigad\u00ebs 95 t\u00eb Forcave t\u00eb Armatosura t\u00eb Ukrain\u00ebs, i cili u vra pran\u00eb Izium, n\u00eb rajonin lindor t\u00eb Donetskut.<\/p>\n<p>Ai u vra n\u00eb luft\u00eb duke mbrojtur Ukrain\u00ebn nga ushtria pushtuese e Vladimir Putin, por vajzat e tij p\u00ebr shkak t\u00eb p\u00ebrdhosjes s\u00eb figur\u00ebs s\u00eb ushtar\u00ebve t\u00eb r\u00ebn\u00eb n\u00eb betej\u00eb do t\u00eb p\u00ebrballen me ligjin.<\/p>\n<p>Pas nj\u00eb reagimi t\u00eb furish\u00ebm, ato pranuan se kishin gabuar dhe se k\u00ebrcimi q\u00eb kishin b\u00ebr\u00eb ishte i pap\u00ebrshtatsh\u00ebm.<\/p>\n<p>Nj\u00ebra nga motrat foli n\u00eb rrjetet sociale duke k\u00ebrkuar falje.<\/p>\n<p>\u201cUn\u00eb dhe motra ime k\u00ebrkojm\u00eb falje, nderojm\u00eb \u00e7do ushtar t\u00eb r\u00ebn\u00eb p\u00ebr atdheun ton\u00eb. Ne vizituam varrin e babait ton\u00eb t\u00eb r\u00ebn\u00eb, i cili vdiq n\u00eb af\u00ebrsi t\u00eb Izium. Fatkeq\u00ebsisht, nuk ishte shum\u00eb korrekte t\u00eb postoja k\u00ebt\u00eb lloj video, megjith\u00ebse nuk kishim nd\u00ebrmend t\u00eb p\u00ebrdhosnim heronjt\u00eb\u201d, tha ajo.<\/p>\n<p>&nbsp;<\/p>\n<div class=\"lm-zs-enabled overlay-plain\" data-lm-zs-src=\"[&quot;https:\/\/www.gazetaexpress.com\/wp-content\/uploads\/2023\/08\/1-259-1130x635-1.jpg&quot;, &quot;https:\/\/www.gazetaexpress.com\/wp-content\/uploads\/2023\/08\/tak.png&quot;, &quot;https:\/\/www.gazetaexpress.com\/wp-content\/uploads\/2023\/08\/palase-dhermi-1.jpg&quot;, &quot;https:\/\/www.gazetaexpress.com\/wp-content\/uploads\/2023\/08\/poloni-1-750x375-1.jpg&quot;]\">\n<div class=\"lm-zs-slideshow\">\n<div class=\"lm-click-for-story\">\n<div class=\"lm-click-for-left-story\"><\/div>\n<div class=\"lm-click-for-right-story\"><\/div>\n<\/div>\n<div class=\"lm-zs-slides\">\n<div class=\"lm-zs-slide lm-zs-slide-0 passed\"><\/div>\n<div class=\"lm-zs-slide lm-zs-slide-1 passed\"><\/div>\n<div class=\"lm-zs-slide lm-zs-slide-2 active\"><\/div>\n<div class=\"lm-zs-slide lm-zs-slide-3 active\"><\/div>\n<\/div>\n<div class=\"lm-zs-bullets\">\n<div class=\"lm-zs-bullet lm-zs-bullet-0 passed\"><\/div>\n<div class=\"lm-zs-bullet lm-zs-bullet-1 passed\"><\/div>\n<div class=\"lm-zs-bullet lm-zs-bullet-2 passed\"><\/div>\n<\/div>\n<\/div>\n<\/div>\n","protected":false},"excerpt":{"rendered":"<p>K\u00ebrcimi provokues mbi varrin e babait t\u00eb tyre, q\u00eb \u00ebsht\u00eb nj\u00eb hero n\u00eb luft\u00ebn e Ukrain\u00ebs p\u00ebr liri, do ti kushtoj\u00eb shtrenjt\u00eb dy vajzave nga<\/p>\n","protected":false},"author":14,"featured_media":0,"comment_status":"open","ping_status":"open","sticky":false,"template":"","format":"standard","meta":{"footnotes":""},"categories":[54],"tags":[],"class_list":["post-15280","post","type-post","status-publish","format-standard","hentry","category-indeks"],"_links":{"self":[{"href":"https:\/\/indeks.bilten.mk\/index.php?rest_route=\/wp\/v2\/posts\/15280","targetHints":{"allow":["GET"]}}],"collection":[{"href":"https:\/\/indeks.bilten.mk\/index.php?rest_route=\/wp\/v2\/posts"}],"about":[{"href":"https:\/\/indeks.bilten.mk\/index.php?rest_route=\/wp\/v2\/types\/post"}],"author":[{"embeddable":true,"href":"https:\/\/indeks.bilten.mk\/index.php?rest_route=\/wp\/v2\/users\/14"}],"replies":[{"embeddable":true,"href":"https:\/\/indeks.bilten.mk\/index.php?rest_route=%2Fwp%2Fv2%2Fcomments&post=15280"}],"version-history":[{"count":0,"href":"https:\/\/indeks.bilten.mk\/index.php?rest_route=\/wp\/v2\/posts\/15280\/revisions"}],"wp:attachment":[{"href":"https:\/\/indeks.bilten.mk\/index.php?rest_route=%2Fwp%2Fv2%2Fmedia&parent=15280"}],"wp:term":[{"taxonomy":"category","embeddable":true,"href":"https:\/\/indeks.bilten.mk\/index.php?rest_route=%2Fwp%2Fv2%2Fcategories&post=15280"},{"taxonomy":"post_tag","embeddable":true,"href":"https:\/\/indeks.bilten.mk\/index.php?rest_route=%2Fwp%2Fv2%2Ftags&post=15280"}],"curies":[{"name":"wp","href":"https:\/\/api.w.org\/{rel}","templated":true}]}}