{"id":15283,"date":"2023-08-30T14:46:12","date_gmt":"2023-08-30T12:46:12","guid":{"rendered":"https:\/\/indeks.mk\/?p=15283"},"modified":"2023-08-30T14:46:12","modified_gmt":"2023-08-30T12:46:12","slug":"ish-ushtari-i-uck-se-porosi-mexhitit-mos-u-fsheh-pas-shkupjaneve-shkupi-nuk-jane-krejt-izeta","status":"publish","type":"post","link":"https:\/\/indeks.bilten.mk\/?p=15283","title":{"rendered":"Ish ushtari i U\u00c7K-s\u00eb porosi Mexhitit: Mos u fsheh pas shkupjan\u00ebve, Shkupi nuk jan\u00eb krejt Izeta!"},"content":{"rendered":"<p>Ish ushtari i Ushtris\u00eb \u00c7lirimtare nga Hara\u00e7ina, Shaban Bafqari, i \u00ebsht\u00eb kund\u00ebrp\u00ebrgjigjur Izet Mexhitit pas reagimit q\u00eb ky i fundit pati n\u00eb rrjetet sociale, duke u fshehur pas \u201cshkupjan\u00ebve\u201d, tenton t&#8217;i ik\u00eb ballafaqimit direkt me z\u00ebvend\u00ebskryeministrin e par\u00eb, Artan Grubi.<\/p>\n<p>Sipas Bafqarit, ai ka th\u00ebn\u00eb se z\u00ebvend\u00ebskryeministri Grubi ka t\u00eb drejt\u00eb t\u00eb flad\u00eb p\u00ebr Mexhitin, megjithat\u00eb sipas Bafqarit, Mexhiti nuk ka t\u00eb drejt\u00eb t\u00eb fshihet pas shkupjan\u00ebve Se pse nuk ka t\u00eb drejt\u00eb e tregon vet\u00eb Bafqari n\u00eb reagim e tij n\u00eb \u201cFacebook\u201d.<\/p>\n<p><strong>\u201cP\u00ebr Izetin ka hala hapsin me fol dhe mir ja ban q\u00eb fol. Izet dili p\u00ebrball Artanit e jo me u msheh mas Shkupjanve se nuk jan krejt Shkupi dhe rrethina Izeta\u201d, ka shkruar mes tjerash, ish ushtari i U\u00c7K-s\u00eb, Shaban Bafqari.<\/strong><em><\/p>\n","protected":false},"excerpt":{"rendered":"<p>Ish ushtari i Ushtris\u00eb \u00c7lirimtare nga Hara\u00e7ina, Shaban Bafqari, i \u00ebsht\u00eb kund\u00ebrp\u00ebrgjigjur Izet Mexhitit pas reagimit q\u00eb ky i fundit pati n\u00eb rrjetet sociale, duke<\/p>\n","protected":false},"author":14,"featured_media":0,"comment_status":"open","ping_status":"open","sticky":false,"template":"","format":"standard","meta":{"footnotes":""},"categories":[44],"tags":[],"class_list":["post-15283","post","type-post","status-publish","format-standard","hentry","category-maqedoni"],"_links":{"self":[{"href":"https:\/\/indeks.bilten.mk\/index.php?rest_route=\/wp\/v2\/posts\/15283","targetHints":{"allow":["GET"]}}],"collection":[{"href":"https:\/\/indeks.bilten.mk\/index.php?rest_route=\/wp\/v2\/posts"}],"about":[{"href":"https:\/\/indeks.bilten.mk\/index.php?rest_route=\/wp\/v2\/types\/post"}],"author":[{"embeddable":true,"href":"https:\/\/indeks.bilten.mk\/index.php?rest_route=\/wp\/v2\/users\/14"}],"replies":[{"embeddable":true,"href":"https:\/\/indeks.bilten.mk\/index.php?rest_route=%2Fwp%2Fv2%2Fcomments&post=15283"}],"version-history":[{"count":0,"href":"https:\/\/indeks.bilten.mk\/index.php?rest_route=\/wp\/v2\/posts\/15283\/revisions"}],"wp:attachment":[{"href":"https:\/\/indeks.bilten.mk\/index.php?rest_route=%2Fwp%2Fv2%2Fmedia&parent=15283"}],"wp:term":[{"taxonomy":"category","embeddable":true,"href":"https:\/\/indeks.bilten.mk\/index.php?rest_route=%2Fwp%2Fv2%2Fcategories&post=15283"},{"taxonomy":"post_tag","embeddable":true,"href":"https:\/\/indeks.bilten.mk\/index.php?rest_route=%2Fwp%2Fv2%2Ftags&post=15283"}],"curies":[{"name":"wp","href":"https:\/\/api.w.org\/{rel}","templated":true}]}}