{"id":15284,"date":"2023-08-30T10:54:30","date_gmt":"2023-08-30T08:54:30","guid":{"rendered":"https:\/\/indeks.mk\/?p=15284"},"modified":"2023-08-30T10:54:54","modified_gmt":"2023-08-30T08:54:54","slug":"ne-new-york-hiqet-ndalesa-per-thirrje-te-ezanit-me-autoparlante","status":"publish","type":"post","link":"https:\/\/indeks.bilten.mk\/?p=15284","title":{"rendered":"N\u00eb New York hiqet ndalesa p\u00ebr thirrje t\u00eb ezanit me autoparlant\u00eb"},"content":{"rendered":"<div class=\"xdj266r x11i5rnm xat24cr x1mh8g0r x1vvkbs x126k92a\">\n<div dir=\"auto\">Kryebashkiaku i New Yorkut, Eric Adams tha se tani e tutje, thirrja e ezanit mund t\u00eb b\u00ebhet me altoparlant\u00eb gjat\u00eb namazit t\u00eb xhumas\u00eb dhe gjat\u00eb iftarit n\u00eb muajin e Ramazanit, raporton Anadolu.<\/div>\n<\/div>\n<div class=\"x11i5rnm xat24cr x1mh8g0r x1vvkbs xtlvy1s x126k92a\">\n<div dir=\"auto\">\u201cNe po heqim burokracin\u00eb dhe themi hapur se n\u00ebse jeni n\u00eb ndonj\u00eb ritual apo vend adhurimi, nuk keni nevoj\u00eb t\u00eb k\u00ebrkoni leje p\u00ebr thirrjen n\u00eb namazin e s\u00eb Premtes m\u00eb me z\u00eb t\u00eb lart\u00eb\u201d, tha Adams.<\/div>\n<\/div>\n<div class=\"x11i5rnm xat24cr x1mh8g0r x1vvkbs xtlvy1s x126k92a\">\n<div dir=\"auto\">N\u00eb takimin, ku mor\u00ebn pjes\u00eb p\u00ebrfaq\u00ebsues t\u00eb shoqatave t\u00eb ndryshme t\u00eb xhamive dhe fondacioneve muslimane, Adams u tha pjes\u00ebmarr\u00ebsve: \u201cJu jeni t\u00eb lir\u00eb t\u00eb praktikoni besimin tuaj n\u00eb New York. Jam krenar, q\u00eb m\u00eb n\u00eb fund sot u b\u00eb\u201d.<\/div>\n<div dir=\"auto\"><\/div>\n<\/div>\n<div class=\"x11i5rnm xat24cr x1mh8g0r x1vvkbs xtlvy1s x126k92a\">\n<div dir=\"auto\">Adams tha se Islami, ashtu si Krishterimi, Judaizmi dhe fet\u00eb e tjera, \u00ebsht\u00eb element i r\u00ebnd\u00ebsish\u00ebm i kultur\u00ebs s\u00eb New Yorkut dhe se xhamit\u00eb jan\u00eb ndihm\u00eb e madhe n\u00eb luft\u00ebn kund\u00ebr krimit dhe migrant\u00ebve t\u00eb parregullt.<\/div>\n<div dir=\"auto\"><\/div>\n<\/div>\n<div class=\"x11i5rnm xat24cr x1mh8g0r x1vvkbs xtlvy1s x126k92a\">\n<div dir=\"auto\">Ai u shpreh se New Yorku \u00ebsht\u00eb pionier n\u00eb shum\u00eb fusha p\u00ebr sa i p\u00ebrket lirive dhe t\u00eb drejtave. Kryebashkiaku Adams theksoi se ata i trajtojn\u00eb t\u00eb gjith\u00eb n\u00eb m\u00ebnyr\u00eb t\u00eb barabart\u00eb si\u00e7 parashikon ligji dhe se nuk i ndryshojn\u00eb rregullat q\u00eb favorizojn\u00eb dik\u00eb apo ndonj\u00eb grup.<\/div>\n<div dir=\"auto\"><\/div>\n<\/div>\n<div class=\"x11i5rnm xat24cr x1mh8g0r x1vvkbs xtlvy1s x126k92a\">\n<div dir=\"auto\">N\u00eb p\u00ebrputhje me vendimin e marr\u00eb nga qyteti i New Yorkut, ezani do t\u00eb thirret dit\u00ebn e par\u00eb t\u00eb premten e ardhshme me kusht q\u00eb t\u00eb jet\u00eb n\u00eb nj\u00eb \u201cnivel t\u00eb arsyesh\u00ebm\u201d.<\/div>\n<\/div>\n","protected":false},"excerpt":{"rendered":"<p>Kryebashkiaku i New Yorkut, Eric Adams tha se tani e tutje, thirrja e ezanit mund t\u00eb b\u00ebhet me altoparlant\u00eb gjat\u00eb namazit t\u00eb xhumas\u00eb dhe gjat\u00eb<\/p>\n","protected":false},"author":14,"featured_media":0,"comment_status":"open","ping_status":"open","sticky":false,"template":"","format":"standard","meta":{"footnotes":""},"categories":[46],"tags":[],"class_list":["post-15284","post","type-post","status-publish","format-standard","hentry","category-bota"],"_links":{"self":[{"href":"https:\/\/indeks.bilten.mk\/index.php?rest_route=\/wp\/v2\/posts\/15284","targetHints":{"allow":["GET"]}}],"collection":[{"href":"https:\/\/indeks.bilten.mk\/index.php?rest_route=\/wp\/v2\/posts"}],"about":[{"href":"https:\/\/indeks.bilten.mk\/index.php?rest_route=\/wp\/v2\/types\/post"}],"author":[{"embeddable":true,"href":"https:\/\/indeks.bilten.mk\/index.php?rest_route=\/wp\/v2\/users\/14"}],"replies":[{"embeddable":true,"href":"https:\/\/indeks.bilten.mk\/index.php?rest_route=%2Fwp%2Fv2%2Fcomments&post=15284"}],"version-history":[{"count":0,"href":"https:\/\/indeks.bilten.mk\/index.php?rest_route=\/wp\/v2\/posts\/15284\/revisions"}],"wp:attachment":[{"href":"https:\/\/indeks.bilten.mk\/index.php?rest_route=%2Fwp%2Fv2%2Fmedia&parent=15284"}],"wp:term":[{"taxonomy":"category","embeddable":true,"href":"https:\/\/indeks.bilten.mk\/index.php?rest_route=%2Fwp%2Fv2%2Fcategories&post=15284"},{"taxonomy":"post_tag","embeddable":true,"href":"https:\/\/indeks.bilten.mk\/index.php?rest_route=%2Fwp%2Fv2%2Ftags&post=15284"}],"curies":[{"name":"wp","href":"https:\/\/api.w.org\/{rel}","templated":true}]}}