{"id":15287,"date":"2023-08-30T10:57:52","date_gmt":"2023-08-30T08:57:52","guid":{"rendered":"https:\/\/indeks.mk\/?p=15287"},"modified":"2023-08-30T10:57:52","modified_gmt":"2023-08-30T08:57:52","slug":"fero-jep-mesazh-ne-ate-zemer-qe-hyn-islami-aty-nuk-ka-vend-e-keqja-apo-merzia","status":"publish","type":"post","link":"https:\/\/indeks.bilten.mk\/?p=15287","title":{"rendered":"Fero jep mesazh: N\u00eb at\u00eb zem\u00ebr q\u00eb hyn islami, aty nuk ka vend e keqja apo m\u00ebrzia"},"content":{"rendered":"<p>Feronit Shabani \u2013 Fero tashm\u00eb \u00ebsht\u00eb b\u00ebr\u00eb nj\u00eb praktikues i fes\u00eb islame.<\/p>\n<p>Rap-artisti nga Gjilani vet\u00ebm pak dit\u00eb m\u00eb par\u00eb njoftoi largimin e tij nga muzika p\u00ebr t\u2019iu p\u00ebrkushtuar fes\u00eb islame dhe familjes.<\/p>\n<div class=\"td-a-rec td-a-rec-id-content_inline  td_uid_2_64ef043caa89e_rand td_block_template_1\">\n<div class=\"td-visible-desktop\"><ins id=\"revive-0-4\" data-revive-zoneid=\"81\" data-revive-ct0=\"INSERT_ENCODED_CLICKURL_HERE\" data-revive-id=\"6d5d2759f6fb33485487bb0c75d69e16\" data-revive-seq=\"4\" data-revive-loaded=\"1\"><\/p>\n<div id=\"beacon_3420f5b3b4\">Ai po ashtu u b\u00ebri thirrje t\u00eb gjith\u00ebve q\u00eb t\u00eb mos i d\u00ebgjojn\u00eb m\u00eb k\u00ebng\u00ebt e tij dhe se \u00ebsht\u00eb penduar p\u00ebr \u00e7do tekst q\u00eb ka shkruar.<\/div>\n<p><\/ins><\/div>\n<\/div>\n<p><img loading=\"lazy\" decoding=\"async\" class=\"alignnone size-medium wp-image-344610 td-animation-stack-type0-2\" src=\"https:\/\/www.pacensure.com\/wp-content\/uploads\/2023\/08\/2F928CA8-5D16-4ABB-B2FA-8910BAFD2DF9-177x300.jpeg\" sizes=\"auto, (max-width: 177px) 100vw, 177px\" srcset=\"https:\/\/www.pacensure.com\/wp-content\/uploads\/2023\/08\/2F928CA8-5D16-4ABB-B2FA-8910BAFD2DF9-177x300.jpeg 177w, https:\/\/www.pacensure.com\/wp-content\/uploads\/2023\/08\/2F928CA8-5D16-4ABB-B2FA-8910BAFD2DF9-605x1024.jpeg 605w, https:\/\/www.pacensure.com\/wp-content\/uploads\/2023\/08\/2F928CA8-5D16-4ABB-B2FA-8910BAFD2DF9-89x150.jpeg 89w, https:\/\/www.pacensure.com\/wp-content\/uploads\/2023\/08\/2F928CA8-5D16-4ABB-B2FA-8910BAFD2DF9-768x1301.jpeg 768w, https:\/\/www.pacensure.com\/wp-content\/uploads\/2023\/08\/2F928CA8-5D16-4ABB-B2FA-8910BAFD2DF9-907x1536.jpeg 907w, https:\/\/www.pacensure.com\/wp-content\/uploads\/2023\/08\/2F928CA8-5D16-4ABB-B2FA-8910BAFD2DF9-1209x2048.jpeg 1209w, https:\/\/www.pacensure.com\/wp-content\/uploads\/2023\/08\/2F928CA8-5D16-4ABB-B2FA-8910BAFD2DF9-696x1179.jpeg 696w, https:\/\/www.pacensure.com\/wp-content\/uploads\/2023\/08\/2F928CA8-5D16-4ABB-B2FA-8910BAFD2DF9-248x420.jpeg 248w, https:\/\/www.pacensure.com\/wp-content\/uploads\/2023\/08\/2F928CA8-5D16-4ABB-B2FA-8910BAFD2DF9.jpeg 1284w\" alt=\"\" width=\"177\" height=\"300\" \/><\/p>\n","protected":false},"excerpt":{"rendered":"<p>Feronit Shabani \u2013 Fero tashm\u00eb \u00ebsht\u00eb b\u00ebr\u00eb nj\u00eb praktikues i fes\u00eb islame. Rap-artisti nga Gjilani vet\u00ebm pak dit\u00eb m\u00eb par\u00eb njoftoi largimin e tij nga<\/p>\n","protected":false},"author":14,"featured_media":0,"comment_status":"open","ping_status":"open","sticky":false,"template":"","format":"standard","meta":{"footnotes":""},"categories":[49],"tags":[],"class_list":["post-15287","post","type-post","status-publish","format-standard","hentry","category-showbiz"],"_links":{"self":[{"href":"https:\/\/indeks.bilten.mk\/index.php?rest_route=\/wp\/v2\/posts\/15287","targetHints":{"allow":["GET"]}}],"collection":[{"href":"https:\/\/indeks.bilten.mk\/index.php?rest_route=\/wp\/v2\/posts"}],"about":[{"href":"https:\/\/indeks.bilten.mk\/index.php?rest_route=\/wp\/v2\/types\/post"}],"author":[{"embeddable":true,"href":"https:\/\/indeks.bilten.mk\/index.php?rest_route=\/wp\/v2\/users\/14"}],"replies":[{"embeddable":true,"href":"https:\/\/indeks.bilten.mk\/index.php?rest_route=%2Fwp%2Fv2%2Fcomments&post=15287"}],"version-history":[{"count":0,"href":"https:\/\/indeks.bilten.mk\/index.php?rest_route=\/wp\/v2\/posts\/15287\/revisions"}],"wp:attachment":[{"href":"https:\/\/indeks.bilten.mk\/index.php?rest_route=%2Fwp%2Fv2%2Fmedia&parent=15287"}],"wp:term":[{"taxonomy":"category","embeddable":true,"href":"https:\/\/indeks.bilten.mk\/index.php?rest_route=%2Fwp%2Fv2%2Fcategories&post=15287"},{"taxonomy":"post_tag","embeddable":true,"href":"https:\/\/indeks.bilten.mk\/index.php?rest_route=%2Fwp%2Fv2%2Ftags&post=15287"}],"curies":[{"name":"wp","href":"https:\/\/api.w.org\/{rel}","templated":true}]}}