{"id":15289,"date":"2023-08-30T11:01:45","date_gmt":"2023-08-30T09:01:45","guid":{"rendered":"https:\/\/indeks.mk\/?p=15289"},"modified":"2023-08-30T11:01:45","modified_gmt":"2023-08-30T09:01:45","slug":"rama-per-zgjerimin-e-be-se-me-mire-pa-ulese-ne-autobusin-evropian-sesa-ne-aeroplan-rus","status":"publish","type":"post","link":"https:\/\/indeks.bilten.mk\/?p=15289","title":{"rendered":"Rama p\u00ebr zgjerimin e BE-s\u00eb: M\u00eb mir\u00eb pa ul\u00ebse n\u00eb autobusin evropian, sesa n\u00eb aeroplan rus!"},"content":{"rendered":"<p><strong>Kryeministri i Shqip\u00ebris\u00eb, Edi Rama, \u00ebsht\u00eb p\u00ebrfshir\u00eb n\u00eb debatin p\u00ebr zgjerimin e Bashkimit Evropian ku Presidenti i K\u00ebshillit, Charles Michel p\u00ebrmendi 2030-\u00ebn si vit kur duhet t\u00eb pranohen an\u00ebtar\u00ebt e rinj e p\u00ebr \u00e7far\u00eb u qortua.<\/strong><\/p>\n<p>Rama \u00ebsht\u00eb shprehur besimplot\u00eb n\u00eb projektin evropian dhe pranimin e Shqip\u00ebris\u00eb n\u00eb t\u00eb.<\/p>\n<div id=\"kosov-414805131\" class=\"kosov-mes-artikulli3-300x250\">\n<div id=\"M161593ScriptRootC1283131_0b9d8\">\n<div id=\"MarketGidComposite1283131_0b9d8\">\n<div class=\"mgbox\">\n<div class=\"mgheader1283131\">\n<div class=\"mg_addad1283131\">\u201cNatyrisht, prandaj autobusi s\u2019mund t\u00eb b\u00ebhet avion\u2026 Sidoqoft\u00eb m\u00eb besoni, sipas pun\u00ebs si\u00e7 q\u00ebndron tani q\u00ebndrimi n\u00eb autobusin evropian, ndon\u00ebse pa ul\u00ebse, \u00ebsht\u00eb m\u00eb e sigurt sesa ulja n\u00eb aeroplanin rus, sepse udh\u00ebtimi mund t\u00eb jet\u00eb i ngadalsh\u00ebm n\u00eb destinacionin ton\u00eb t\u00eb larg\u00ebt, por nj\u00eb gj\u00eb \u00ebsht\u00eb e sigurt sikur vdekja: Ky autobus nuk do t\u00eb p\u00ebrplaset\u201d.<\/div>\n<\/div>\n<\/div>\n<\/div>\n<\/div>\n<\/div>\n<p>Michel \u00ebsht\u00eb kritikuar p\u00ebr deklarat\u00ebn e b\u00ebr\u00eb t\u00eb h\u00ebn\u00ebn, ku sot nga vet\u00eb k\u00ebshilli kan\u00eb th\u00ebn\u00eb se ata nuk japin data.<\/p>\n","protected":false},"excerpt":{"rendered":"<p>Kryeministri i Shqip\u00ebris\u00eb, Edi Rama, \u00ebsht\u00eb p\u00ebrfshir\u00eb n\u00eb debatin p\u00ebr zgjerimin e Bashkimit Evropian ku Presidenti i K\u00ebshillit, Charles Michel p\u00ebrmendi 2030-\u00ebn si vit kur<\/p>\n","protected":false},"author":14,"featured_media":0,"comment_status":"open","ping_status":"open","sticky":false,"template":"","format":"standard","meta":{"footnotes":""},"categories":[45],"tags":[],"class_list":["post-15289","post","type-post","status-publish","format-standard","hentry","category-rajoni"],"_links":{"self":[{"href":"https:\/\/indeks.bilten.mk\/index.php?rest_route=\/wp\/v2\/posts\/15289","targetHints":{"allow":["GET"]}}],"collection":[{"href":"https:\/\/indeks.bilten.mk\/index.php?rest_route=\/wp\/v2\/posts"}],"about":[{"href":"https:\/\/indeks.bilten.mk\/index.php?rest_route=\/wp\/v2\/types\/post"}],"author":[{"embeddable":true,"href":"https:\/\/indeks.bilten.mk\/index.php?rest_route=\/wp\/v2\/users\/14"}],"replies":[{"embeddable":true,"href":"https:\/\/indeks.bilten.mk\/index.php?rest_route=%2Fwp%2Fv2%2Fcomments&post=15289"}],"version-history":[{"count":0,"href":"https:\/\/indeks.bilten.mk\/index.php?rest_route=\/wp\/v2\/posts\/15289\/revisions"}],"wp:attachment":[{"href":"https:\/\/indeks.bilten.mk\/index.php?rest_route=%2Fwp%2Fv2%2Fmedia&parent=15289"}],"wp:term":[{"taxonomy":"category","embeddable":true,"href":"https:\/\/indeks.bilten.mk\/index.php?rest_route=%2Fwp%2Fv2%2Fcategories&post=15289"},{"taxonomy":"post_tag","embeddable":true,"href":"https:\/\/indeks.bilten.mk\/index.php?rest_route=%2Fwp%2Fv2%2Ftags&post=15289"}],"curies":[{"name":"wp","href":"https:\/\/api.w.org\/{rel}","templated":true}]}}