{"id":15291,"date":"2023-08-30T11:04:30","date_gmt":"2023-08-30T09:04:30","guid":{"rendered":"https:\/\/indeks.mk\/?p=15291"},"modified":"2023-08-30T11:04:30","modified_gmt":"2023-08-30T09:04:30","slug":"valon-syla-banor-ne-big-brother-vip-2-flet-vete-gazetari","status":"publish","type":"post","link":"https:\/\/indeks.bilten.mk\/?p=15291","title":{"rendered":"Valon Syla banor n\u00eb Big Brother VIP 2? Flet vet\u00eb gazetari&#8230;"},"content":{"rendered":"<p><strong>Gazetari Valon Syla \u00ebsht\u00eb nj\u00eb nga emrat e p\u00ebrmendur me t\u00eb cilin platforma \u201cBig Brother VIP Kosova\u201d po synon q\u00eb ta ket\u00eb n\u00eb edicionin e dyt\u00eb.<\/strong><\/p>\n<p>Syla, megjithat\u00eb, n\u00eb nj\u00eb prononcim p\u00ebr Insajderin ka njoftuar se e ka refuzuar ofert\u00ebn p\u00ebr arsye personale.<\/p>\n<p>I nj\u00ebjti ka b\u00ebr\u00eb t\u00eb ditur se ka pasur ftes\u00eb edhe n\u00eb edicionin e par\u00eb t\u00eb BBVK.<\/p>\n<p>\u201cDy her\u00eb m\u00eb kan\u00eb ftuar n\u00eb Big Brother Kosova edhe edicionin e par\u00eb edhe k\u00ebt\u00eb t\u00eb dytin. Liberta Spahiu ishte personi q\u00eb kam kontaktuar zakonisht dhe m\u00eb shpesh\u201d, ka b\u00ebr\u00eb t\u00eb ditur gazetari Syla.<\/p>\n<p>\u201cPor, pasi i kam konsideruar t\u00eb gjitha, jet\u00ebn personale e private dhe llogarit\u00eb profesionale\u2026 sidomos privat\u00ebsin\u00eb, jo timen ve\u00e7an\u00ebrisht sa privat\u00ebsin\u00eb e t\u00eb gjith\u00eb m\u00eb t\u00eb dashurive e t\u00eb mi, t\u00eb af\u00ebrt\u2026 pastaj pun\u00ebt q\u00eb duhet me i l\u00ebn\u00eb, kontratat e deri tashme me i anulu, debatet n\u00eb T7 dhe median online Metro, mendoj se m\u00eb shtrejt\u00eb m\u00eb kushton privatisht e profesionalisht se sa q\u00eb do t\u00eb mund t\u00eb p\u00ebrfitoja n\u00eb ndonj\u00eb aspekt\u201d, ka th\u00ebn\u00eb nd\u00ebr t\u00eb tjera ai.<\/p>\n<p>\u201cFama \u00ebsht\u00eb e rendesishme, por njerzit e tu dhe privat\u00ebsia e tyre \u00ebsht\u00eb edhe m\u00eb e r\u00ebnd\u00ebsishme\u201d.<\/p>\n<div id=\"kosov-85024503\" class=\"kosov-artikull-i-sponzorizuar\">\n<div id=\"M161593ScriptRootC973843_15ce0\">\n<div id=\"MarketGidComposite973843_15ce0\">\n<div class=\"mgbox\">\n<div class=\"mgline teaser-17065720 type-w\" data-i=\"Tj5tqpoQxgoJs_JzzZk5L-pwtP2WvGbwZFuNhhE9FIQNnKzfQVplV1DHFnBp0-Y489z9XsOXi3KXNc_2YHD0Vg**\" data-observe-time=\"0\" data-observe-start=\"0\" data-observing=\"yes\">\n<div class=\"image-with-text\">\n<div class=\"text-elements\">\n<div class=\"text_on_hover\">\n<div class=\"mgtobottom\">\n<div class=\"mcdomain\"><\/div>\n<\/div>\n<\/div>\n<\/div>\n<\/div>\n<\/div>\n<\/div>\n<\/div>\n<\/div>\n<\/div>\n","protected":false},"excerpt":{"rendered":"<p>Gazetari Valon Syla \u00ebsht\u00eb nj\u00eb nga emrat e p\u00ebrmendur me t\u00eb cilin platforma \u201cBig Brother VIP Kosova\u201d po synon q\u00eb ta ket\u00eb n\u00eb edicionin e<\/p>\n","protected":false},"author":14,"featured_media":0,"comment_status":"open","ping_status":"open","sticky":false,"template":"","format":"standard","meta":{"footnotes":""},"categories":[49],"tags":[],"class_list":["post-15291","post","type-post","status-publish","format-standard","hentry","category-showbiz"],"_links":{"self":[{"href":"https:\/\/indeks.bilten.mk\/index.php?rest_route=\/wp\/v2\/posts\/15291","targetHints":{"allow":["GET"]}}],"collection":[{"href":"https:\/\/indeks.bilten.mk\/index.php?rest_route=\/wp\/v2\/posts"}],"about":[{"href":"https:\/\/indeks.bilten.mk\/index.php?rest_route=\/wp\/v2\/types\/post"}],"author":[{"embeddable":true,"href":"https:\/\/indeks.bilten.mk\/index.php?rest_route=\/wp\/v2\/users\/14"}],"replies":[{"embeddable":true,"href":"https:\/\/indeks.bilten.mk\/index.php?rest_route=%2Fwp%2Fv2%2Fcomments&post=15291"}],"version-history":[{"count":0,"href":"https:\/\/indeks.bilten.mk\/index.php?rest_route=\/wp\/v2\/posts\/15291\/revisions"}],"wp:attachment":[{"href":"https:\/\/indeks.bilten.mk\/index.php?rest_route=%2Fwp%2Fv2%2Fmedia&parent=15291"}],"wp:term":[{"taxonomy":"category","embeddable":true,"href":"https:\/\/indeks.bilten.mk\/index.php?rest_route=%2Fwp%2Fv2%2Fcategories&post=15291"},{"taxonomy":"post_tag","embeddable":true,"href":"https:\/\/indeks.bilten.mk\/index.php?rest_route=%2Fwp%2Fv2%2Ftags&post=15291"}],"curies":[{"name":"wp","href":"https:\/\/api.w.org\/{rel}","templated":true}]}}