{"id":15296,"date":"2023-08-30T12:41:53","date_gmt":"2023-08-30T10:41:53","guid":{"rendered":"https:\/\/indeks.mk\/?p=15296"},"modified":"2023-08-30T12:41:53","modified_gmt":"2023-08-30T10:41:53","slug":"mpps-pensionet-do-te-paguhen-ne-fillim-te-muajit-nderpritet-praktika-qe-vlente-per-shkak-te-pandemise","status":"publish","type":"post","link":"https:\/\/indeks.bilten.mk\/?p=15296","title":{"rendered":"MPPS: Pensionet do t\u00eb paguhen n\u00eb fillim t\u00eb muajit, nd\u00ebrpritet praktika q\u00eb vlente p\u00ebr shkak t\u00eb pandemis\u00eb"},"content":{"rendered":"<p><strong>Ministria e Pun\u00ebs dhe Politik\u00ebs Sociale njofton pensionist\u00ebt se pensionet do t\u00eb vazhdojn\u00eb t\u00eb paguhen rregullisht, gjegj\u00ebsisht n\u00eb fillim t\u00eb muajit.<\/strong><\/p>\n<div class=\"code-block code-block-43 code-block-pas-paragrafit-2t-inarticle\">\n<div>\n<div class=\"code-block-label\">MPPS njofton se me pages\u00ebn e pensionit p\u00ebr muajin gusht rikthehet m\u00ebnyra e rregullt e pages\u00ebs n\u00eb vend t\u00eb pages\u00ebs s\u00eb parakohshme t\u00eb pensionit t\u00eb vendosur p\u00ebr shkak t\u00eb shpalljes s\u00eb pandemis\u00eb n\u00eb vend dhe masave t\u00eb marra p\u00ebr mbrojtje nga koronavirus.<\/div>\n<\/div>\n<\/div>\n<p>\u201cGjat\u00eb koh\u00ebzgjatjes s\u00eb pandemis\u00eb, n\u00eb bashk\u00ebpunim me bankat afariste, \u00ebsht\u00eb b\u00ebr\u00eb pagesa e parakohshme e pensioneve n\u00eb kat\u00ebr grupe, si pjes\u00eb e rekomandimeve dhe masave p\u00ebr parandalimin dhe p\u00ebrhapjen e virusit tek pensionist\u00ebt si grupmosha m\u00eb e prekur dhe me q\u00ebllim p\u00ebr t\u00eb reduktuar bllokimet para bankave dhe mund\u00ebsit\u00eb e rrezikimit t\u00eb sh\u00ebndetit personal dhe publik\u201d.<\/p>\n<p>\u201cP\u00ebr shkak t\u00eb p\u00ebrfundimit t\u00eb pandemis\u00eb, bankat komerciale p\u00ebrmes Shoqat\u00ebs s\u00eb Bankave t\u00eb Maqedonis\u00eb po nd\u00ebrpresin praktik\u00ebn e m\u00ebparshme t\u00eb pages\u00ebs s\u00eb parakohshme t\u00eb pensioneve, me \u00e7ka pensionet do t\u00eb paguhen m\u00eb 1 t\u00eb muajit, drejtp\u00ebrdrejt nga buxheti i shtetit\u201d, thuhet n\u00eb njoftimin e MPPS-s\u00eb.\/Telegrafi\/<\/p>\n","protected":false},"excerpt":{"rendered":"<p>Ministria e Pun\u00ebs dhe Politik\u00ebs Sociale njofton pensionist\u00ebt se pensionet do t\u00eb vazhdojn\u00eb t\u00eb paguhen rregullisht, gjegj\u00ebsisht n\u00eb fillim t\u00eb muajit. MPPS njofton se me<\/p>\n","protected":false},"author":14,"featured_media":0,"comment_status":"open","ping_status":"open","sticky":false,"template":"","format":"standard","meta":{"footnotes":""},"categories":[44],"tags":[],"class_list":["post-15296","post","type-post","status-publish","format-standard","hentry","category-maqedoni"],"_links":{"self":[{"href":"https:\/\/indeks.bilten.mk\/index.php?rest_route=\/wp\/v2\/posts\/15296","targetHints":{"allow":["GET"]}}],"collection":[{"href":"https:\/\/indeks.bilten.mk\/index.php?rest_route=\/wp\/v2\/posts"}],"about":[{"href":"https:\/\/indeks.bilten.mk\/index.php?rest_route=\/wp\/v2\/types\/post"}],"author":[{"embeddable":true,"href":"https:\/\/indeks.bilten.mk\/index.php?rest_route=\/wp\/v2\/users\/14"}],"replies":[{"embeddable":true,"href":"https:\/\/indeks.bilten.mk\/index.php?rest_route=%2Fwp%2Fv2%2Fcomments&post=15296"}],"version-history":[{"count":0,"href":"https:\/\/indeks.bilten.mk\/index.php?rest_route=\/wp\/v2\/posts\/15296\/revisions"}],"wp:attachment":[{"href":"https:\/\/indeks.bilten.mk\/index.php?rest_route=%2Fwp%2Fv2%2Fmedia&parent=15296"}],"wp:term":[{"taxonomy":"category","embeddable":true,"href":"https:\/\/indeks.bilten.mk\/index.php?rest_route=%2Fwp%2Fv2%2Fcategories&post=15296"},{"taxonomy":"post_tag","embeddable":true,"href":"https:\/\/indeks.bilten.mk\/index.php?rest_route=%2Fwp%2Fv2%2Ftags&post=15296"}],"curies":[{"name":"wp","href":"https:\/\/api.w.org\/{rel}","templated":true}]}}