{"id":15298,"date":"2023-08-30T13:06:15","date_gmt":"2023-08-30T11:06:15","guid":{"rendered":"https:\/\/indeks.mk\/?p=15298"},"modified":"2023-08-30T13:06:15","modified_gmt":"2023-08-30T11:06:15","slug":"tetovari-ne-targat-e-vetures-kishte-vendosur-flamurin-e-serbise-ndalohet-nga-policia-dhe-detyrohet-ta-largoje-video","status":"publish","type":"post","link":"https:\/\/indeks.bilten.mk\/?p=15298","title":{"rendered":"Tetovari n\u00eb targat e vetur\u00ebs kishte vendosur flamurin e Serbis\u00eb, ndalohet nga policia dhe detyrohet ta largoj\u00eb&#8230; (VIDEO)"},"content":{"rendered":"<div class=\"xdj266r x11i5rnm xat24cr x1mh8g0r x1vvkbs x126k92a\">\n<div dir=\"auto\">Kapet Tetovari q\u00eb n\u00eb targat e vetur\u00ebs kishte vendosur falmurin e Serbis\u00eb<\/div>\n<div dir=\"auto\"><\/div>\n<\/div>\n<div class=\"x11i5rnm xat24cr x1mh8g0r x1vvkbs xtlvy1s x126k92a\">\n<div dir=\"auto\">Pas reagimeve t\u00eb qytetar\u00ebve p\u00ebr Tetovarin i cili n\u00eb targat e veturave kishte vendosur afishe me flamurin e Serbis\u00eb, sot polocia e Tetov\u00ebs ka kapur qytetarin dhe ai i njejti \u00ebsht\u00eb detyruar q\u00eb t\u00eb largoj afishin me flamurin Serb dhe t\u00eb vendos ngjit\u00ebsen e Republik\u00ebs s\u00eb Maqedonis\u00eb s\u00eb Veriut.<\/div>\n<div dir=\"auto\"><\/div>\n<\/div>\n<div dir=\"auto\">\/TetovaSot\/<\/div>\n<div dir=\"auto\"><iframe loading=\"lazy\" style=\"border: none; overflow: hidden;\" src=\"https:\/\/www.facebook.com\/plugins\/video.php?height=476&amp;href=https%3A%2F%2Fwww.facebook.com%2Ftetovasot2%2Fvideos%2F6750717561655784%2F&amp;show_text=false&amp;width=476&amp;t=0\" width=\"476\" height=\"476\" frameborder=\"0\" scrolling=\"no\" allowfullscreen=\"allowfullscreen\"><\/iframe><\/div>\n","protected":false},"excerpt":{"rendered":"<p>Kapet Tetovari q\u00eb n\u00eb targat e vetur\u00ebs kishte vendosur falmurin e Serbis\u00eb Pas reagimeve t\u00eb qytetar\u00ebve p\u00ebr Tetovarin i cili n\u00eb targat e veturave kishte<\/p>\n","protected":false},"author":14,"featured_media":0,"comment_status":"open","ping_status":"open","sticky":false,"template":"","format":"standard","meta":{"footnotes":""},"categories":[44],"tags":[],"class_list":["post-15298","post","type-post","status-publish","format-standard","hentry","category-maqedoni"],"_links":{"self":[{"href":"https:\/\/indeks.bilten.mk\/index.php?rest_route=\/wp\/v2\/posts\/15298","targetHints":{"allow":["GET"]}}],"collection":[{"href":"https:\/\/indeks.bilten.mk\/index.php?rest_route=\/wp\/v2\/posts"}],"about":[{"href":"https:\/\/indeks.bilten.mk\/index.php?rest_route=\/wp\/v2\/types\/post"}],"author":[{"embeddable":true,"href":"https:\/\/indeks.bilten.mk\/index.php?rest_route=\/wp\/v2\/users\/14"}],"replies":[{"embeddable":true,"href":"https:\/\/indeks.bilten.mk\/index.php?rest_route=%2Fwp%2Fv2%2Fcomments&post=15298"}],"version-history":[{"count":0,"href":"https:\/\/indeks.bilten.mk\/index.php?rest_route=\/wp\/v2\/posts\/15298\/revisions"}],"wp:attachment":[{"href":"https:\/\/indeks.bilten.mk\/index.php?rest_route=%2Fwp%2Fv2%2Fmedia&parent=15298"}],"wp:term":[{"taxonomy":"category","embeddable":true,"href":"https:\/\/indeks.bilten.mk\/index.php?rest_route=%2Fwp%2Fv2%2Fcategories&post=15298"},{"taxonomy":"post_tag","embeddable":true,"href":"https:\/\/indeks.bilten.mk\/index.php?rest_route=%2Fwp%2Fv2%2Ftags&post=15298"}],"curies":[{"name":"wp","href":"https:\/\/api.w.org\/{rel}","templated":true}]}}