{"id":15301,"date":"2023-08-30T13:31:20","date_gmt":"2023-08-30T11:31:20","guid":{"rendered":"https:\/\/indeks.mk\/?p=15301"},"modified":"2023-08-30T13:31:20","modified_gmt":"2023-08-30T11:31:20","slug":"behgjet-pacolli-sot-feston-ditelindjen-ja-sa-vite-po-ben","status":"publish","type":"post","link":"https:\/\/indeks.bilten.mk\/?p=15301","title":{"rendered":"Behgjet Pacolli sot feston dit\u00eblindjen, ja sa vite po b\u00ebn"},"content":{"rendered":"<p><strong>Sot \u00ebsht\u00eb nj\u00eb dit\u00eb mjaft\u00eb e ve\u00e7ant\u00eb p\u00ebr ish-presidentin dhe liderin e AKR-s\u00eb, Behgjet Pacollin.<\/strong><\/p>\n<div id=\"pa_videoslider\">\n<div id=\"videoad\">Ai mbush plot\u00eb 72 vite jet\u00eb, shkruan \u201cKosovarja\u201d.<\/div>\n<\/div>\n<div id=\"kosov-391758018\" class=\"kosov-mes-artikulli3-300x250\">\n<div id=\"M161593ScriptRootC1283131_0acaf\">\n<div id=\"MarketGidComposite1283131_0acaf\"><\/div>\n<\/div>\n<\/div>\n<p><img loading=\"lazy\" decoding=\"async\" class=\"alignnone size-full wp-image-52152\" src=\"https:\/\/i0.wp.com\/www.kosovarja-ks.com\/wp-content\/uploads\/2020\/07\/behgjet-pacolli-akr-foto-xhemail-sllovinja-8-1-600x360-1.jpg?resize=600%2C360&amp;ssl=1\" sizes=\"auto, (max-width: 600px) 100vw, 600px\" srcset=\"https:\/\/i0.wp.com\/www.kosovarja-ks.com\/wp-content\/uploads\/2020\/07\/behgjet-pacolli-akr-foto-xhemail-sllovinja-8-1-600x360-1.jpg?w=600&amp;ssl=1 600w, https:\/\/i0.wp.com\/www.kosovarja-ks.com\/wp-content\/uploads\/2020\/07\/behgjet-pacolli-akr-foto-xhemail-sllovinja-8-1-600x360-1.jpg?resize=300%2C180&amp;ssl=1 300w\" alt=\"\" width=\"600\" height=\"360\" data-pin-no-hover=\"true\" \/><\/p>\n<p>P\u00ebr k\u00ebto vite njihet si nj\u00eb nga afarist\u00ebt m\u00eb t\u00eb m\u00ebdhenj dhe nj\u00eb nga personat m\u00eb human q\u00eb ka Kosova.<\/p>\n<p>Puna dhe vepra e ish- presidentit, ka l\u00ebn\u00eb gjurm\u00eb n\u00eb historin\u00eb e vendit ton\u00eb.<\/p>\n<p><img loading=\"lazy\" decoding=\"async\" class=\"alignnone size-full wp-image-60794\" src=\"https:\/\/i0.wp.com\/www.kosovarja-ks.com\/wp-content\/uploads\/2020\/08\/behgjet-pacolli-770x420-1.jpg?resize=770%2C420&amp;ssl=1\" sizes=\"auto, (max-width: 770px) 100vw, 770px\" srcset=\"https:\/\/i0.wp.com\/www.kosovarja-ks.com\/wp-content\/uploads\/2020\/08\/behgjet-pacolli-770x420-1.jpg?w=770&amp;ssl=1 770w, https:\/\/i0.wp.com\/www.kosovarja-ks.com\/wp-content\/uploads\/2020\/08\/behgjet-pacolli-770x420-1.jpg?resize=300%2C164&amp;ssl=1 300w, https:\/\/i0.wp.com\/www.kosovarja-ks.com\/wp-content\/uploads\/2020\/08\/behgjet-pacolli-770x420-1.jpg?resize=768%2C419&amp;ssl=1 768w, https:\/\/i0.wp.com\/www.kosovarja-ks.com\/wp-content\/uploads\/2020\/08\/behgjet-pacolli-770x420-1.jpg?resize=750%2C409&amp;ssl=1 750w\" alt=\"\" width=\"673\" height=\"367\" data-pin-no-hover=\"true\" \/><\/p>\n<p>Stafi i revist\u00ebs \u201cKosovarja\u201d, i d\u00ebshiron sh\u00ebndet dhe suksese kreut t\u00eb AKR-s\u00eb.<\/p>\n","protected":false},"excerpt":{"rendered":"<p>Sot \u00ebsht\u00eb nj\u00eb dit\u00eb mjaft\u00eb e ve\u00e7ant\u00eb p\u00ebr ish-presidentin dhe liderin e AKR-s\u00eb, Behgjet Pacollin. Ai mbush plot\u00eb 72 vite jet\u00eb, shkruan \u201cKosovarja\u201d. P\u00ebr k\u00ebto<\/p>\n","protected":false},"author":14,"featured_media":0,"comment_status":"open","ping_status":"open","sticky":false,"template":"","format":"standard","meta":{"footnotes":""},"categories":[54],"tags":[],"class_list":["post-15301","post","type-post","status-publish","format-standard","hentry","category-indeks"],"_links":{"self":[{"href":"https:\/\/indeks.bilten.mk\/index.php?rest_route=\/wp\/v2\/posts\/15301","targetHints":{"allow":["GET"]}}],"collection":[{"href":"https:\/\/indeks.bilten.mk\/index.php?rest_route=\/wp\/v2\/posts"}],"about":[{"href":"https:\/\/indeks.bilten.mk\/index.php?rest_route=\/wp\/v2\/types\/post"}],"author":[{"embeddable":true,"href":"https:\/\/indeks.bilten.mk\/index.php?rest_route=\/wp\/v2\/users\/14"}],"replies":[{"embeddable":true,"href":"https:\/\/indeks.bilten.mk\/index.php?rest_route=%2Fwp%2Fv2%2Fcomments&post=15301"}],"version-history":[{"count":0,"href":"https:\/\/indeks.bilten.mk\/index.php?rest_route=\/wp\/v2\/posts\/15301\/revisions"}],"wp:attachment":[{"href":"https:\/\/indeks.bilten.mk\/index.php?rest_route=%2Fwp%2Fv2%2Fmedia&parent=15301"}],"wp:term":[{"taxonomy":"category","embeddable":true,"href":"https:\/\/indeks.bilten.mk\/index.php?rest_route=%2Fwp%2Fv2%2Fcategories&post=15301"},{"taxonomy":"post_tag","embeddable":true,"href":"https:\/\/indeks.bilten.mk\/index.php?rest_route=%2Fwp%2Fv2%2Ftags&post=15301"}],"curies":[{"name":"wp","href":"https:\/\/api.w.org\/{rel}","templated":true}]}}