{"id":15303,"date":"2023-08-30T13:34:16","date_gmt":"2023-08-30T11:34:16","guid":{"rendered":"https:\/\/indeks.mk\/?p=15303"},"modified":"2023-08-30T13:34:16","modified_gmt":"2023-08-30T11:34:16","slug":"publikohet-letra-e-princeshes-diana-dalin-ne-drite-te-fshehtat-frika-e-saj-nga-beqaria-para-divorcit","status":"publish","type":"post","link":"https:\/\/indeks.bilten.mk\/?p=15303","title":{"rendered":"Publikohet letra e Princesh\u00ebs Diana, dalin n\u00eb drit\u00eb t\u00eb fshehtat: Frika e saj nga beqaria para divorcit"},"content":{"rendered":"<p><strong>Princesha Diana ishte e shqet\u00ebsuar p\u00ebr jet\u00ebn e saj t\u00eb re pas divorcit nga princi i at\u00ebhersh\u00ebm Charles. N\u00eb nj\u00eb let\u00ebr t\u00eb sapo zbuluar, princesha e ndjer\u00eb shpreh \u201cterrorin\u201d e saj p\u00ebr beqarin\u00eb para se t\u00eb ndahej nga Mbreti Charles.<\/strong><\/p>\n<p>Letra zbuluese, drejtuar presidentit t\u00eb Fondacionit Mbret\u00ebror t\u00eb Zeland\u00ebs s\u00eb Re p\u00ebr t\u00eb Verb\u00ebrit, do t\u00eb dal\u00eb n\u00eb ankand muajin e ardhsh\u00ebm nga Julien\u2019s Auctions dhe Turner Classic Movies n\u00eb Beverly Hills, Kaliforni.<\/p>\n<div id=\"pa_videoslider\">\n<div id=\"videoad\">Sipas The Telegraph, Diana p\u00ebrmendi \u201crrethanat personale ve\u00e7an\u00ebrisht n\u00eb lidhje me martes\u00ebn time me Princin e Uellsit\u201d si arsyen e dor\u00ebheqjes nga roli i saj n\u00eb bamir\u00ebsi, ku ajo ishte nj\u00eb mbrojt\u00ebse.<\/div>\n<\/div>\n<p>Princesha e ndjer\u00eb shpjegoi se nuk ishte n\u00eb gjendje t\u00eb siguronte nivelin e \u201cangazhimit\u201d t\u00eb k\u00ebrkuar p\u00ebr rolin pasi duhej t\u00eb \u201criorganizonte\u201d jet\u00ebn e saj. Ajo shtoi se megjith\u00ebse mbeti optimiste, kishte ende \u201cshum\u00eb \u00e7\u00ebshtje\u201d q\u00eb duhej t\u2019i zgjidhte.<\/p>\n<p>N\u00eb letr\u00ebn e saj, Diana shpjegoi se po shkruante \u201cme trishtim t\u00eb madh\u201d p\u00ebr t\u00eb dh\u00ebn\u00eb dor\u00ebheqjen nga pozicioni i saj si mb\u00ebshtet\u00ebse e bamir\u00ebsis\u00eb.<\/p>\n<p>Si\u00e7 theksoi ajo: \u201cSi\u00e7 e dini, marr\u00ebdh\u00ebniet e mia personale, ve\u00e7an\u00ebrisht n\u00eb lidhje me martes\u00ebn time me Princin e Uellsit, kan\u00eb qen\u00eb objekt spekulimesh t\u00eb detajuara muajt e fundit dhe kjo s\u00eb shpejti do t\u00eb zyrtarizohet n\u00eb m\u00ebnyr\u00ebn e zakonshme ligjore. Edhe pse hyj me shpres\u00eb n\u00eb t\u00eb ardhmen, e b\u00ebj edhe me frik\u00eb, pasi ka disa \u00e7\u00ebshtje p\u00ebr t\u2019u zgjidhur.\u201d<\/p>\n","protected":false},"excerpt":{"rendered":"<p>Princesha Diana ishte e shqet\u00ebsuar p\u00ebr jet\u00ebn e saj t\u00eb re pas divorcit nga princi i at\u00ebhersh\u00ebm Charles. N\u00eb nj\u00eb let\u00ebr t\u00eb sapo zbuluar, princesha<\/p>\n","protected":false},"author":14,"featured_media":0,"comment_status":"open","ping_status":"open","sticky":false,"template":"","format":"standard","meta":{"footnotes":""},"categories":[54],"tags":[],"class_list":["post-15303","post","type-post","status-publish","format-standard","hentry","category-indeks"],"_links":{"self":[{"href":"https:\/\/indeks.bilten.mk\/index.php?rest_route=\/wp\/v2\/posts\/15303","targetHints":{"allow":["GET"]}}],"collection":[{"href":"https:\/\/indeks.bilten.mk\/index.php?rest_route=\/wp\/v2\/posts"}],"about":[{"href":"https:\/\/indeks.bilten.mk\/index.php?rest_route=\/wp\/v2\/types\/post"}],"author":[{"embeddable":true,"href":"https:\/\/indeks.bilten.mk\/index.php?rest_route=\/wp\/v2\/users\/14"}],"replies":[{"embeddable":true,"href":"https:\/\/indeks.bilten.mk\/index.php?rest_route=%2Fwp%2Fv2%2Fcomments&post=15303"}],"version-history":[{"count":0,"href":"https:\/\/indeks.bilten.mk\/index.php?rest_route=\/wp\/v2\/posts\/15303\/revisions"}],"wp:attachment":[{"href":"https:\/\/indeks.bilten.mk\/index.php?rest_route=%2Fwp%2Fv2%2Fmedia&parent=15303"}],"wp:term":[{"taxonomy":"category","embeddable":true,"href":"https:\/\/indeks.bilten.mk\/index.php?rest_route=%2Fwp%2Fv2%2Fcategories&post=15303"},{"taxonomy":"post_tag","embeddable":true,"href":"https:\/\/indeks.bilten.mk\/index.php?rest_route=%2Fwp%2Fv2%2Ftags&post=15303"}],"curies":[{"name":"wp","href":"https:\/\/api.w.org\/{rel}","templated":true}]}}