{"id":15306,"date":"2023-08-30T13:37:01","date_gmt":"2023-08-30T11:37:01","guid":{"rendered":"https:\/\/indeks.mk\/?p=15306"},"modified":"2023-08-30T13:37:01","modified_gmt":"2023-08-30T11:37:01","slug":"nderpritet-seanca-ndaj-enver-sekiraqes","status":"publish","type":"post","link":"https:\/\/indeks.bilten.mk\/?p=15306","title":{"rendered":"Nd\u00ebrpritet seanca ndaj Enver Sekiraq\u00ebs"},"content":{"rendered":"<p><strong>P\u00ebr shkak se prokurori special Burim \u00c7erkini, i cili z\u00ebvend\u00ebsoi prokuroren e \u00e7\u00ebshtjes Merita Bina-Rugova, nuk ishte i gatsh\u00ebm t\u00eb b\u00ebj\u00eb elaborimin e provave materiale, \u00ebsht\u00eb nd\u00ebrprer\u00eb seanca e s\u00eb m\u00ebrkur\u00ebs ndaj Enver Sekiraq\u00ebs, i cili po akuzohet p\u00ebr nxitje n\u00eb vrasjen e Triumf Riz\u00ebs.<\/strong><\/p>\n<p>N\u00eb fillim t\u00eb seanc\u00ebs, prokurori \u00c7erkini tha se pasi q\u00eb \u00ebsht\u00eb p\u00ebr her\u00eb t\u00eb par\u00eb n\u00eb k\u00ebt\u00eb shqyrtim gjyq\u00ebsor, ku \u00ebsht\u00eb duke e z\u00ebvend\u00ebsuar prokuroren e rastit Merita Bina-Rugova, e cila \u00ebsht\u00eb e ngarkuar me k\u00ebt\u00eb \u00e7\u00ebshtje, duke u bazuar nga procesverbali i seanc\u00ebs s\u00eb kaluar, Prokuroria Speciale e ka marr\u00eb p\u00ebr obligim t\u2019i listoj\u00eb provat materiale, e q\u00eb do t\u00eb ishin t\u00eb dobishme p\u00ebr k\u00ebt\u00eb shqyrtim gjyq\u00ebsor, raporton \u201cBetimi p\u00ebr Drejt\u00ebsi\u201c.<\/p>\n<p>Tutje, prokurori \u00c7erkini ka th\u00ebn\u00eb se e posedon nj\u00eb listim t\u00eb b\u00ebr\u00eb nga prokuroja e rastit Bina-Rugova, dhe si Prokurori Speciale konsiderojn\u00eb se k\u00ebto prova materiale t\u00eb cilat jan\u00eb t\u00eb listuara n\u00eb k\u00ebt\u00eb list\u00eb, jan\u00eb t\u00eb dobishme p\u00ebr sqarimin e k\u00ebsaj \u00e7\u00ebshtjeje penale n\u00eb t\u00ebr\u00ebsi.<\/p>\n<p>Sipas tij \u00ebsht\u00eb nj\u00eb list\u00eb tep\u00ebr e gjat\u00eb, e cila \u00ebsht\u00eb nxjerr\u00eb nga provat e aktakuz\u00ebs, nd\u00ebrsa e nj\u00ebjta nga ana e gjykat\u00ebs iu dor\u00ebzua mbrojtjes.<\/p>\n<p>Kryetari i trupit gjykues, Agim Ku\u00e7i tha se nj\u00ebra nga seancat gjyq\u00ebsore t\u00eb m\u00ebhershme me k\u00ebrkes\u00eb t\u00eb prokurores Bina-Rugova, \u00ebsht\u00eb shtyr\u00eb me arsyetimin se e nj\u00ebjta duhet t\u00eb p\u00ebrgatitet p\u00ebr elaborimin e secil\u00ebs prov\u00eb materiale se \u00e7ka v\u00ebrtetohet me at\u00eb prov\u00eb.<\/p>\n<p>N\u00eb pyetjen e gjykat\u00ebsit Ku\u00e7i drejtuar prokurorit se a \u00ebsht\u00eb i gatsh\u00ebm t\u00eb b\u00ebj\u00eb elaborimin e secil\u00ebs prov\u00eb materiale, prokurori \u00c7erkini e mohoi k\u00ebt\u00eb gj\u00eb, me arsyetimin se sot kishte marr\u00eb nga prokuroja e rastit k\u00ebt\u00eb list\u00eb t\u00eb provave materiale dhe sigurisht nuk jan\u00eb t\u00eb gatsh\u00ebm q\u00eb t\u00eb elaborojn\u00eb secil\u00ebn prov\u00eb nj\u00eb nga nj\u00eb.<\/p>\n<p>Ai tha se kjo \u00ebsht\u00eb b\u00ebr\u00eb me q\u00ebllim q\u00eb edhe pala mbrojt\u00ebse t\u00eb njoftohet me provat e prezantuara nga Prokuroria Speciale dhe pasi \u00ebsht\u00eb seanc\u00eb e rigjykimit, kuptohet fakti q\u00eb \u00ebsht\u00eb trupi i ri gjykues dhe sipas tij, n\u00ebse p\u00ebr pal\u00ebn mbrojt\u00ebse jan\u00eb t\u00eb njohura t\u00eb gjitha k\u00ebto prova t\u00eb listuar dhe do t\u00eb b\u00ebhej kalimi i tyre pa elaborim, at\u00ebher\u00eb do t\u00eb ishin t\u00eb gatsh\u00ebm t\u00eb kalojn\u00eb n\u00eb faz\u00ebn tjet\u00ebr t\u00eb procedur\u00ebs.<\/p>\n<p>Prokuroi ka sqaruar se n\u00eb baz\u00eb t\u00eb njohurive t\u00eb tij, k\u00ebto prova t\u00eb listuara jan\u00eb vet\u00ebm provat e propozuara n\u00eb aktakuz\u00eb.<\/p>\n<p>P\u00ebr k\u00ebt\u00eb, mbrojt\u00ebsja e t\u00eb akuzuarit Sekiraqa, avokatja Kosovare Kelmendi deklaroi se \u00ebsht\u00eb m\u00ebse e nevojshme kjo list\u00eb e prezantuar t\u00eb mos shkoj\u00eb p\u00ebr t\u2019u administruar pa u elaboruar nj\u00eb nga nj\u00eb secila prov\u00eb n\u00eb k\u00ebt\u00eb list\u00eb se \u00e7far\u00eb do t\u00eb v\u00ebrtetoj\u00eb n\u00eb raport me objektin e aktakuz\u00ebs.<\/p>\n<p>Tutje, tha se v\u00ebren se prokurorja ka listuar edhe dosje t\u00eb disa \u00e7\u00ebshtjeve tjera penale, p\u00ebr t\u00eb cilat e nj\u00ebjta ka menduar se jan\u00eb administruar si prova, e q\u00eb n\u00eb fakt nuk jan\u00eb administruar asnj\u00ebher\u00eb por q\u00eb prokurori i EULEXI-it me rastin e p\u00ebrpilimit t\u00eb aktakuz\u00ebs i p\u00ebrmend apo i elaboron n\u00eb aktakuz\u00eb, p\u00ebr t\u00eb fuqizuar motivin e t\u00eb akuzuarit n\u00eb k\u00ebt\u00eb \u00e7\u00ebshtje penale.<\/p>\n<p>Prandaj, e nj\u00ebjta ka th\u00ebn\u00eb se p\u00ebr nj\u00eb vendim t\u00eb drejt\u00eb, \u00ebsht\u00eb e domosdoshme q\u00eb t\u00eb elaborohet secila prov\u00eb e listuar dhe t\u00eb ket\u00eb edhe mund\u00ebsin\u00eb e kund\u00ebrshtimit nga mbrojtja.<\/p>\n<p>Tutje, avokatja Kelmendi rikujtoi sugjerimin e Gjykat\u00ebs s\u00eb Apelit p\u00ebr dyt\u00ebn her\u00eb me radh\u00eb t\u00eb ushtrohet kujdes i ve\u00e7ant\u00eb ndaj dy provave materiale, e q\u00eb jan\u00eb provat e siguruara n\u00eb bastisjen e lokalit \u201cSekiraqa\u201d dhe hartografi t\u00eb disa numrave telefonik t\u00eb nxjerra n\u00eb vitin 2016.<\/p>\n<p>Avokatja Kelmendi n\u00eb fund tha se pajtohet plot\u00ebsisht me prokurorin \u00c7erkini q\u00eb nuk \u00ebsht\u00eb n\u00eb gjendje t\u00eb elaboroj\u00eb provat e prezantuara, e sidomos k\u00ebto dy t\u00eb lartcekura q\u00eb jan\u00eb v\u00ebrejte e Gjykat\u00ebs s\u00eb Apelit.<\/p>\n<p>Fjal\u00ebt e t\u00eb mbrojtur\u00ebs s\u00eb tij, avokates Kelmendi, i ka p\u00ebrkrahur n\u00eb t\u00ebr\u00ebsi i akuzuari Sekiraqa.<\/p>\n<p>M\u00eb pas, gjykat\u00ebsi Ku\u00e7i tha se pasi q\u00eb edhe arsyeja p\u00ebr shtyrjen e m\u00ebhershme t\u00eb shqyrtimit gjyq\u00ebsor ka qen\u00eb me k\u00ebrkes\u00eb t\u00eb prokurores speciale Bina-Rugova me q\u00ebllim t\u00eb p\u00ebrgatitjes p\u00ebr elaborimin e provave materiale, e pasi q\u00eb prokurori special i ri n\u00eb k\u00ebt\u00eb rast nuk \u00ebsht\u00eb n\u00eb gjendje t\u00eb b\u00ebj\u00eb elaborimin e t\u00eb nj\u00ebjtave, pas marrjes s\u00eb mendimit t\u00eb avokates mbrojt\u00ebse dhe t\u00eb t\u00eb akuzuarit lidhur me k\u00ebt\u00eb \u00e7\u00ebshtjem trupi gjykues konstaton se nuk ka kushte p\u00ebr vazhdimin e m\u00ebtejm\u00eb t\u00eb k\u00ebtij shqyrtimi gjyq\u00ebsor dhe mori aktvendim me t\u00eb cilin nd\u00ebrpritet shqyrtimi i sot\u00ebm gjyq\u00ebsor.<\/p>\n<p>Seanca e radh\u00ebs u caktua p\u00ebr 29 shtator 2023.<\/p>\n<p>Ndryshe, n\u00eb k\u00ebt\u00eb seanc\u00eb, u konsideruan t\u00eb lexuara deklaratat e disa d\u00ebshmitar\u00ebve.<\/p>\n","protected":false},"excerpt":{"rendered":"<p>P\u00ebr shkak se prokurori special Burim \u00c7erkini, i cili z\u00ebvend\u00ebsoi prokuroren e \u00e7\u00ebshtjes Merita Bina-Rugova, nuk ishte i gatsh\u00ebm t\u00eb b\u00ebj\u00eb elaborimin e provave materiale,<\/p>\n","protected":false},"author":14,"featured_media":0,"comment_status":"open","ping_status":"open","sticky":false,"template":"","format":"standard","meta":{"footnotes":""},"categories":[45],"tags":[],"class_list":["post-15306","post","type-post","status-publish","format-standard","hentry","category-rajoni"],"_links":{"self":[{"href":"https:\/\/indeks.bilten.mk\/index.php?rest_route=\/wp\/v2\/posts\/15306","targetHints":{"allow":["GET"]}}],"collection":[{"href":"https:\/\/indeks.bilten.mk\/index.php?rest_route=\/wp\/v2\/posts"}],"about":[{"href":"https:\/\/indeks.bilten.mk\/index.php?rest_route=\/wp\/v2\/types\/post"}],"author":[{"embeddable":true,"href":"https:\/\/indeks.bilten.mk\/index.php?rest_route=\/wp\/v2\/users\/14"}],"replies":[{"embeddable":true,"href":"https:\/\/indeks.bilten.mk\/index.php?rest_route=%2Fwp%2Fv2%2Fcomments&post=15306"}],"version-history":[{"count":0,"href":"https:\/\/indeks.bilten.mk\/index.php?rest_route=\/wp\/v2\/posts\/15306\/revisions"}],"wp:attachment":[{"href":"https:\/\/indeks.bilten.mk\/index.php?rest_route=%2Fwp%2Fv2%2Fmedia&parent=15306"}],"wp:term":[{"taxonomy":"category","embeddable":true,"href":"https:\/\/indeks.bilten.mk\/index.php?rest_route=%2Fwp%2Fv2%2Fcategories&post=15306"},{"taxonomy":"post_tag","embeddable":true,"href":"https:\/\/indeks.bilten.mk\/index.php?rest_route=%2Fwp%2Fv2%2Ftags&post=15306"}],"curies":[{"name":"wp","href":"https:\/\/api.w.org\/{rel}","templated":true}]}}