{"id":15308,"date":"2023-08-30T13:44:06","date_gmt":"2023-08-30T11:44:06","guid":{"rendered":"https:\/\/indeks.mk\/?p=15308"},"modified":"2023-08-30T13:44:06","modified_gmt":"2023-08-30T11:44:06","slug":"permiresohet-shendeti-i-fatos-nanos-pritet-te-dale-nga-spitali","status":"publish","type":"post","link":"https:\/\/indeks.bilten.mk\/?p=15308","title":{"rendered":"P\u00ebrmir\u00ebsohet sh\u00ebndeti i Fatos Nanos, pritet t\u00eb dal\u00eb nga spitali"},"content":{"rendered":"<figure>Gjendja sh\u00ebndet\u00ebsore e ish-kryeministrit t\u00eb Shqip\u00ebris\u00eb Fatos Nano \u00ebsht\u00eb drejt p\u00ebrmir\u00ebsimit, pas nj\u00eb jav\u00eb shtrim n\u00eb spital.<\/figure>\n<p>Sipas\u00a0<a href=\"https:\/\/albeu.com\/lajme\/permiresohet-gjendja-e-fatos-nanos-pritet-dalja-nga-spitali\/559902\/\">Albeu<\/a>.com gjendja e tij \u00ebsht\u00eb stab\u00ebl dhe i jan\u00eb p\u00ebrmir\u00ebsuar parametrat e oksigjenit.<\/p>\n<div class=\"\">\n<div id=\"M634059ScriptRootC1190148_14aa8\">\n<div id=\"MarketGidComposite1190148_14aa8\">Ish-kryeministri ndodhet i shtruar n\u00eb spitalin \u201cHygeia\u201d prej s\u00eb enjtes s\u00eb 24 gushtit, pasi u mor me ambulanc\u00eb nga banesa e tij, pas problemeve me frym\u00ebmarrjen.<\/div>\n<\/div>\n<\/div>\n<p>Fatos Nano, 71 vje\u00e7, ka qen\u00eb 3 her\u00eb kryeminist\u00ebr i Shqip\u00ebris\u00eb. Themeluesi dhe kreu i par\u00eb i Partis\u00eb Socialiste t\u00eb Shqip\u00ebris\u00eb u shk\u00ebput nga politika n\u00eb vitin 2005.<\/p>\n<p>Ai ka qen\u00eb kryetar i Partis\u00eb Socialiste q\u00eb nga 12 qershori i vitit 1991 e deri n\u00eb vitin 2005, periudh\u00eb n\u00eb t\u00eb cil\u00ebn sh\u00ebrbeu edhe si kryeminist\u00ebr i Republik\u00ebs s\u00eb Shqip\u00ebris\u00eb.<\/p>\n","protected":false},"excerpt":{"rendered":"<p>Gjendja sh\u00ebndet\u00ebsore e ish-kryeministrit t\u00eb Shqip\u00ebris\u00eb Fatos Nano \u00ebsht\u00eb drejt p\u00ebrmir\u00ebsimit, pas nj\u00eb jav\u00eb shtrim n\u00eb spital. Sipas\u00a0Albeu.com gjendja e tij \u00ebsht\u00eb stab\u00ebl dhe i<\/p>\n","protected":false},"author":14,"featured_media":0,"comment_status":"open","ping_status":"open","sticky":false,"template":"","format":"standard","meta":{"footnotes":""},"categories":[54],"tags":[],"class_list":["post-15308","post","type-post","status-publish","format-standard","hentry","category-indeks"],"_links":{"self":[{"href":"https:\/\/indeks.bilten.mk\/index.php?rest_route=\/wp\/v2\/posts\/15308","targetHints":{"allow":["GET"]}}],"collection":[{"href":"https:\/\/indeks.bilten.mk\/index.php?rest_route=\/wp\/v2\/posts"}],"about":[{"href":"https:\/\/indeks.bilten.mk\/index.php?rest_route=\/wp\/v2\/types\/post"}],"author":[{"embeddable":true,"href":"https:\/\/indeks.bilten.mk\/index.php?rest_route=\/wp\/v2\/users\/14"}],"replies":[{"embeddable":true,"href":"https:\/\/indeks.bilten.mk\/index.php?rest_route=%2Fwp%2Fv2%2Fcomments&post=15308"}],"version-history":[{"count":0,"href":"https:\/\/indeks.bilten.mk\/index.php?rest_route=\/wp\/v2\/posts\/15308\/revisions"}],"wp:attachment":[{"href":"https:\/\/indeks.bilten.mk\/index.php?rest_route=%2Fwp%2Fv2%2Fmedia&parent=15308"}],"wp:term":[{"taxonomy":"category","embeddable":true,"href":"https:\/\/indeks.bilten.mk\/index.php?rest_route=%2Fwp%2Fv2%2Fcategories&post=15308"},{"taxonomy":"post_tag","embeddable":true,"href":"https:\/\/indeks.bilten.mk\/index.php?rest_route=%2Fwp%2Fv2%2Ftags&post=15308"}],"curies":[{"name":"wp","href":"https:\/\/api.w.org\/{rel}","templated":true}]}}