{"id":15311,"date":"2023-08-30T13:46:32","date_gmt":"2023-08-30T11:46:32","guid":{"rendered":"https:\/\/indeks.mk\/?p=15311"},"modified":"2023-08-30T13:46:32","modified_gmt":"2023-08-30T11:46:32","slug":"perse-mbante-dorezen-e-shkelqyer-me-xhevahire-tregon-miku-i-michael-jackson","status":"publish","type":"post","link":"https:\/\/indeks.bilten.mk\/?p=15311","title":{"rendered":"P\u00ebrse mbante dorez\u00ebn e shk\u00eblqyer me xhevahir\u00eb? Tregon miku i Michael Jackson"},"content":{"rendered":"<p>Nj\u00eb mik i ikon\u00ebs s\u00eb muzik\u00ebs \u2018pop\u2019 Michael Jackson ka treguar arsyen e fsheht\u00eb p\u00ebrse k\u00ebng\u00ebtari i ndjer\u00eb mbante shpesh nj\u00eb dorez\u00eb t\u00eb argjendt\u00eb n\u00eb dor\u00ebn e tij t\u00eb djatht\u00eb teksa performonte.<\/p>\n<p>Ai q\u00eb njihej si \u201cMreti i Popit\u201d njihej p\u00ebr kostumet e tij ekstravagante n\u00eb performancat muzikore, ashtu si dhe nj\u00eb dorez\u00eb e bardh\u00eb n\u00eb dor\u00ebn e djatht\u00eb, zakonisht e mbushur me xhevahir\u00eb q\u00eb nisi t\u00eb kthehej n\u00eb simbol p\u00ebr Jackson.<\/p>\n<p>E p\u00ebrditshmja \u2018The Independent\u2019, shkruan se Jackson \u2013 i cili tragjikisht nd\u00ebrroi jet\u00eb n\u00eb vitin 2009 n\u00eb mosh\u00ebn 50 vje\u00e7are \u2013 nisi t\u00eb mbante dorez\u00ebn prej vitit 1983 n\u00eb nj\u00eb koncert n\u00eb Motown, SHBA.<\/p>\n<p>N\u00eb nj\u00eb intervist\u00eb m\u00eb von\u00eb ai tha: \u201cDoreza m\u00eb dukej bukur \u2026 dy doreza i mbanin t\u00eb gjith\u00eb k\u00ebshtu m\u00eb dukej si di\u00e7ka e ve\u00e7ant\u00eb q\u00eb b\u00ebja at\u00ebher\u00eb\u201d.<\/p>\n<p>Por aktori i vjet\u00ebr Cicely Tyson \u2013 i cili vdiq n\u00eb 2021 n\u00eb mosh\u00ebn 96 vje\u00e7are tregon se cila ishte arsyeja e v\u00ebrtet\u00eb e stilit t\u00eb \u00e7uditsh\u00ebm.<\/p>\n<p>Tyson thot\u00eb se doreza ishte krijuar nga nj\u00eb stilist i ve\u00e7ant\u00eb n\u00eb m\u00ebnyr\u00eb q\u00eb Jackson t\u00eb mbulonte shenjat e vitiligo, gjendjes se irrituar te l\u00ebkur\u00ebs.<\/p>\n<p>N\u00eb nj\u00eb intervist\u00eb me CNN n\u00eb 2019, Tyson tha: \u201cDizanjatori i dorez\u00ebs m\u00eb tha se po e b\u00ebnte p\u00ebr Michael, p\u00ebr t\u00eb fshehur shenjat e vitiligo q\u00eb i shfaqeshin n\u00eb dor\u00eb, k\u00ebshtu lindi historia\u201d.<\/p>\n<p>Tyson shpjegon m\u00eb tej: \u201cDoreza ishte p\u00ebr ta mbuluar, k\u00ebshtu lindi historia e k\u00ebtij stili, nuk ishte vet\u00ebm nj\u00eb mod\u00eb\u201d.<\/p>\n<p>Kjo gjendje e l\u00ebkur\u00ebs krijon njolla t\u00eb bardha q\u00eb shkaktohen nga mungesa e melanin\u00ebs, q\u00eb \u00ebsht\u00eb pigmenti i ngjyr\u00ebs s\u00eb l\u00ebkur\u00ebs, sipas mjek\u00ebsis\u00eb per\u00ebndimore.<\/p>\n<p>Ajo mund t\u00eb prek\u00eb disa zona t\u00eb l\u00ebkur\u00ebs si fytyra, qafa, duar apo zona t\u00eb palosjes s\u00eb l\u00ebkur\u00ebs.<\/p>\n<p>Jackson ka konfirmuar m\u00eb von\u00eb se kishte gjendjen n\u00eb nj\u00eb intervist\u00eb me Oprah Winfrey, ku pranonte se ishte e sikletshme ta diskutoj\u00eb c\u00ebshtjen n\u00eb shtyp.<\/p>\n<p>Ylli i muzik\u00ebs thoshte asokohe : \u201cUn\u00eb jam nj\u00eb afro-amerikan. Jam krenar p\u00ebr trash\u00ebgimin\u00eb time afrikane, jam krenar p\u00ebr rac\u00ebn time, jam krenar p\u00ebr at\u00eb q\u00eb jam. Kam krenari dhe dinjitet p\u00ebr at\u00eb q\u00eb jam\u201d.<\/p>\n<p>\u201cKjo \u00ebsht\u00eb situata, kam nj\u00eb \u00e7rregullim l\u00ebkure q\u00eb shkat\u00ebrron pigmentimin, nuk kam \u00e7\u2019ti b\u00ebj. Por njer\u00ebzit sajojn\u00eb histori duke th\u00ebn\u00eb se un\u00eb po p\u00ebrpiqem t\u00eb mos jem ai q\u00eb jam \u2026 \u00cbsht\u00eb nj\u00eb problem q\u00eb nuk mund ta kontrolloj\u201d.\/TCH<\/p>\n<p>&nbsp;<\/p>\n<div class=\"lm-zs-enabled overlay-plain\" data-lm-zs-src=\"[&quot;https:\/\/www.gazetaexpress.com\/wp-content\/uploads\/2023\/08\/333333333.png&quot;, &quot;https:\/\/www.gazetaexpress.com\/wp-content\/uploads\/2023\/08\/1682009813-Aleksandar-Jablanovic-750x563-1.jpg&quot;, &quot;https:\/\/www.gazetaexpress.com\/wp-content\/uploads\/2023\/08\/Capture-366.jpg&quot;, &quot;https:\/\/www.gazetaexpress.com\/wp-content\/uploads\/2023\/08\/AirPods-1130x635-1.jpg&quot;]\">\n<div class=\"lm-zs-slideshow\">\n<div class=\"lm-click-for-story\"><\/div>\n<\/div>\n<\/div>\n","protected":false},"excerpt":{"rendered":"<p>Nj\u00eb mik i ikon\u00ebs s\u00eb muzik\u00ebs \u2018pop\u2019 Michael Jackson ka treguar arsyen e fsheht\u00eb p\u00ebrse k\u00ebng\u00ebtari i ndjer\u00eb mbante shpesh nj\u00eb dorez\u00eb t\u00eb argjendt\u00eb n\u00eb<\/p>\n","protected":false},"author":14,"featured_media":0,"comment_status":"open","ping_status":"open","sticky":false,"template":"","format":"standard","meta":{"footnotes":""},"categories":[49],"tags":[],"class_list":["post-15311","post","type-post","status-publish","format-standard","hentry","category-showbiz"],"_links":{"self":[{"href":"https:\/\/indeks.bilten.mk\/index.php?rest_route=\/wp\/v2\/posts\/15311","targetHints":{"allow":["GET"]}}],"collection":[{"href":"https:\/\/indeks.bilten.mk\/index.php?rest_route=\/wp\/v2\/posts"}],"about":[{"href":"https:\/\/indeks.bilten.mk\/index.php?rest_route=\/wp\/v2\/types\/post"}],"author":[{"embeddable":true,"href":"https:\/\/indeks.bilten.mk\/index.php?rest_route=\/wp\/v2\/users\/14"}],"replies":[{"embeddable":true,"href":"https:\/\/indeks.bilten.mk\/index.php?rest_route=%2Fwp%2Fv2%2Fcomments&post=15311"}],"version-history":[{"count":0,"href":"https:\/\/indeks.bilten.mk\/index.php?rest_route=\/wp\/v2\/posts\/15311\/revisions"}],"wp:attachment":[{"href":"https:\/\/indeks.bilten.mk\/index.php?rest_route=%2Fwp%2Fv2%2Fmedia&parent=15311"}],"wp:term":[{"taxonomy":"category","embeddable":true,"href":"https:\/\/indeks.bilten.mk\/index.php?rest_route=%2Fwp%2Fv2%2Fcategories&post=15311"},{"taxonomy":"post_tag","embeddable":true,"href":"https:\/\/indeks.bilten.mk\/index.php?rest_route=%2Fwp%2Fv2%2Ftags&post=15311"}],"curies":[{"name":"wp","href":"https:\/\/api.w.org\/{rel}","templated":true}]}}