{"id":15314,"date":"2023-08-30T14:15:01","date_gmt":"2023-08-30T12:15:01","guid":{"rendered":"https:\/\/indeks.mk\/?p=15314"},"modified":"2023-08-30T14:15:01","modified_gmt":"2023-08-30T12:15:01","slug":"reagon-ashper-arbenita-ismajli-nganjehere-me-vjen-turp-qe-jam-shqiptare","status":"publish","type":"post","link":"https:\/\/indeks.bilten.mk\/?p=15314","title":{"rendered":"Reagon ashp\u00ebr Arbenita Ismajli: Nganj\u00ebher\u00eb m\u00eb vjen turp q\u00eb jam shqiptare"},"content":{"rendered":"<p><strong>Nj\u00eb foto e Arbenit\u00ebs n\u00eb rrjetet sociale ka shkaktuar shum\u00eb zhurm\u00eb s\u00eb fundmi.<\/strong><\/p>\n<p>Ajo shihet n\u00eb nj\u00eb ashensor me nj\u00eb objekt n\u00eb dor\u00eb, ku p\u00ebrdoruesit e kan\u00eb nxjerr\u00eb nga konteksti.<\/p>\n<p>Kjo gj\u00eb e ka shqet\u00ebsuar tep\u00ebr modelen e njohur dhe ka shp\u00ebrthyer duke b\u00ebr\u00eb nj\u00eb reagim n\u00eb Instagram, ku shprehet se i vjen turp q\u00eb \u00ebsht\u00eb nga Shqip\u00ebria dhe se shum\u00eb njer\u00ebz shqiptar\u00eb i konsideron si serb\u00eb.<\/p>\n<p>\u201cMa keni shpifur. Kurr\u00eb nuk keni p\u00ebr tu b\u00ebr\u00eb burra shqiptar\u00eb. Turp. Si t\u00eb jeni serb\u00eb. Jaz\u00ebk qum\u00ebshti i n\u00ebn\u00ebs. Nuk e di kush po ju edukon k\u00ebshtu. Edhe un\u00eb jam n\u00ebn\u00eb, mot\u00ebr, tezja e dikujt. Turp more t\u00eb mjer\u00eb vet\u00ebm p\u00ebr seks mendoni. T\u00eb degjeneruar.<\/p>\n<p>\u201cNdonj\u00ebher\u00eb m\u00eb vjen turp q\u00eb jam shqiptare dhe e pyes veten pse shumica e popujve t\u00eb tjer\u00eb nuk na duan. Seriozisht nuk kam koment. Jam femra m\u00eb e pavarur, shoh pun\u00ebt e mia, nuk i b\u00ebj keq askujt q\u00eb marr kaq shum\u00eb urrejtje prej v\u00ebllez\u00ebrve dhe motrave t\u00eb mia shqiptare. Turp!\u201d<\/p>\n<p>Modelja p\u00ebrmes nj\u00eb postimi tjet\u00ebr n\u00eb Instastory, ka shpjeguar se sendi q\u00eb po mbante n\u00eb dor\u00eb, ishte nj\u00eb mbajt\u00ebse telefoni p\u00ebr t\u00eb regjistruar video.<\/p>\n","protected":false},"excerpt":{"rendered":"<p>Nj\u00eb foto e Arbenit\u00ebs n\u00eb rrjetet sociale ka shkaktuar shum\u00eb zhurm\u00eb s\u00eb fundmi. Ajo shihet n\u00eb nj\u00eb ashensor me nj\u00eb objekt n\u00eb dor\u00eb, ku p\u00ebrdoruesit<\/p>\n","protected":false},"author":14,"featured_media":0,"comment_status":"open","ping_status":"open","sticky":false,"template":"","format":"standard","meta":{"footnotes":""},"categories":[49],"tags":[],"class_list":["post-15314","post","type-post","status-publish","format-standard","hentry","category-showbiz"],"_links":{"self":[{"href":"https:\/\/indeks.bilten.mk\/index.php?rest_route=\/wp\/v2\/posts\/15314","targetHints":{"allow":["GET"]}}],"collection":[{"href":"https:\/\/indeks.bilten.mk\/index.php?rest_route=\/wp\/v2\/posts"}],"about":[{"href":"https:\/\/indeks.bilten.mk\/index.php?rest_route=\/wp\/v2\/types\/post"}],"author":[{"embeddable":true,"href":"https:\/\/indeks.bilten.mk\/index.php?rest_route=\/wp\/v2\/users\/14"}],"replies":[{"embeddable":true,"href":"https:\/\/indeks.bilten.mk\/index.php?rest_route=%2Fwp%2Fv2%2Fcomments&post=15314"}],"version-history":[{"count":0,"href":"https:\/\/indeks.bilten.mk\/index.php?rest_route=\/wp\/v2\/posts\/15314\/revisions"}],"wp:attachment":[{"href":"https:\/\/indeks.bilten.mk\/index.php?rest_route=%2Fwp%2Fv2%2Fmedia&parent=15314"}],"wp:term":[{"taxonomy":"category","embeddable":true,"href":"https:\/\/indeks.bilten.mk\/index.php?rest_route=%2Fwp%2Fv2%2Fcategories&post=15314"},{"taxonomy":"post_tag","embeddable":true,"href":"https:\/\/indeks.bilten.mk\/index.php?rest_route=%2Fwp%2Fv2%2Ftags&post=15314"}],"curies":[{"name":"wp","href":"https:\/\/api.w.org\/{rel}","templated":true}]}}