{"id":15316,"date":"2023-08-30T14:25:26","date_gmt":"2023-08-30T12:25:26","guid":{"rendered":"https:\/\/indeks.mk\/?p=15316"},"modified":"2023-08-30T14:25:26","modified_gmt":"2023-08-30T12:25:26","slug":"16-vjet-nga-vrasja-e-policit-triumf-riza","status":"publish","type":"post","link":"https:\/\/indeks.bilten.mk\/?p=15316","title":{"rendered":"16 vjet nga vrasja e policit, Triumf Riza"},"content":{"rendered":"<p>Kryetari i Partis\u00eb Demokratike t\u00eb Kosov\u00ebs (PDK), Memli Krasniqi ka p\u00ebrkujtuar policin e Nj\u00ebsis\u00eb Specile ROSU, Triumf Riza i cili u vra m\u00eb 30 gusht t\u00eb vitit 2007.<\/p>\n<p>\u201cKarakteri i fort\u00eb, vullneti i hekurt, p\u00ebrkushtimi serioz, por edhe af\u00ebrsia njer\u00ebzore \u2013 e kan\u00eb karakterizuar gjithmon\u00eb Triumf Riz\u00ebn, edhe gjat\u00eb shkoll\u00ebs s\u00eb mesme, n\u00eb t\u00eb cil\u00ebn ishim bashk\u00eb\u201d, ka shkruar Krasniqi.<\/p>\n<div class=\"\">\n<div id=\"M634059ScriptRootC1190148_0ad6d\">\n<div id=\"MarketGidComposite1190148_0ad6d\">\n<div class=\"mgbox\">\n<div class=\"mgline teaser-15363471 type-w\" data-i=\"bfnKIr4uibDQjnjmjqZgalBnkmjeWz7WYTYqoQfqt4v-HNLyhe-ep77isVUwVl-EydGB3lXWvWt5VMtdoNI3eA**\" data-observe-time=\"1053\" data-observe-start=\"1693398040790\" data-observing=\"yes\" data-load-fired=\"true\" data-shown=\"1\">\n<div class=\"image-with-text\">\n<div class=\"text-elements\">\n<div class=\"text_on_hover\">\n<div class=\"mctitle\">Tutje ai ka theksuar se \u201cpik\u00ebrisht k\u00ebto virtyte, b\u00ebn\u00eb q\u00eb Triumfi t\u00eb dallohet edhe n\u00eb Policin\u00eb e Kosov\u00ebs, si nj\u00eb nga polic\u00ebt m\u00eb t\u00eb shkath\u00ebt t\u00eb gjeneratave t\u00eb hershme, n\u00eb luft\u00ebn kund\u00ebr krimit t\u00eb organizuar n\u00eb vend\u201d.<\/div>\n<\/div>\n<\/div>\n<\/div>\n<\/div>\n<\/div>\n<\/div>\n<\/div>\n<\/div>\n<p>\u201cMe 30 gusht t\u00eb vitit 2007, sakt\u00ebsisht 16 vite m\u00eb par\u00eb, Triumfi u vra pabesisht dhe tin\u00ebzisht, duke na l\u00ebn\u00eb p\u00ebrher\u00eb t\u00eb pik\u00eblluar t\u00eb gjith\u00ebve, e ve\u00e7mas familjen e tij. Edhe sot e k\u00ebsaj dite, drejt\u00ebsia p\u00ebr Triumfin nuk e ka marr\u00eb epilogun e pritur. Do t\u00eb t\u00eb kujtojm\u00eb p\u00ebrher\u00eb, shok i dashur!\u201d, ka p\u00ebrfunduar Krasniqi.<\/p>\n<div>\n<div id=\"div-gpt-ad-1634289484286-0\">Ndryshe, Triumf Riza u vra m\u00eb 30 gusht t\u00eb vitit 2007, vrasje p\u00ebr t\u00eb cil\u00ebn Arben Berisha \u00ebsht\u00eb d\u00ebnuar me 35 vjet burg, nd\u00ebrsa Enver Sekiraqa ishte d\u00ebnuar me 37 vjet burgim.<\/div>\n<\/div>\n<p>Nd\u00ebrsa s\u00eb fundi lidhur me rastin e vrasjes s\u00eb Triumf Riz\u00ebs, m\u00eb 16 korrik 2023 \u00ebsht\u00eb arrestuar edhe i dyshuari Ilir Avdullahu, i cili gjendet n\u00eb paraburgim.<\/p>\n<p>&nbsp;<\/p>\n<div class=\"lm-zs-enabled overlay-plain\" data-lm-zs-src=\"[&quot;https:\/\/www.gazetaexpress.com\/wp-content\/uploads\/2023\/08\/370301104_695352962638102_335980230803732532_n.jpg&quot;, &quot;https:\/\/www.gazetaexpress.com\/wp-content\/uploads\/2022\/01\/Gazmend-Muhaxheri.jpg&quot;, &quot;https:\/\/www.gazetaexpress.com\/wp-content\/uploads\/2023\/08\/Taulant-Balla-2023.png&quot;, &quot;https:\/\/www.gazetaexpress.com\/wp-content\/uploads\/2023\/08\/1-133.jpg&quot;]\">\n<div class=\"lm-zs-slideshow\">\n<div class=\"lm-click-for-story\"><\/div>\n<\/div>\n<\/div>\n","protected":false},"excerpt":{"rendered":"<p>Kryetari i Partis\u00eb Demokratike t\u00eb Kosov\u00ebs (PDK), Memli Krasniqi ka p\u00ebrkujtuar policin e Nj\u00ebsis\u00eb Specile ROSU, Triumf Riza i cili u vra m\u00eb 30 gusht<\/p>\n","protected":false},"author":14,"featured_media":0,"comment_status":"open","ping_status":"open","sticky":false,"template":"","format":"standard","meta":{"footnotes":""},"categories":[45],"tags":[],"class_list":["post-15316","post","type-post","status-publish","format-standard","hentry","category-rajoni"],"_links":{"self":[{"href":"https:\/\/indeks.bilten.mk\/index.php?rest_route=\/wp\/v2\/posts\/15316","targetHints":{"allow":["GET"]}}],"collection":[{"href":"https:\/\/indeks.bilten.mk\/index.php?rest_route=\/wp\/v2\/posts"}],"about":[{"href":"https:\/\/indeks.bilten.mk\/index.php?rest_route=\/wp\/v2\/types\/post"}],"author":[{"embeddable":true,"href":"https:\/\/indeks.bilten.mk\/index.php?rest_route=\/wp\/v2\/users\/14"}],"replies":[{"embeddable":true,"href":"https:\/\/indeks.bilten.mk\/index.php?rest_route=%2Fwp%2Fv2%2Fcomments&post=15316"}],"version-history":[{"count":0,"href":"https:\/\/indeks.bilten.mk\/index.php?rest_route=\/wp\/v2\/posts\/15316\/revisions"}],"wp:attachment":[{"href":"https:\/\/indeks.bilten.mk\/index.php?rest_route=%2Fwp%2Fv2%2Fmedia&parent=15316"}],"wp:term":[{"taxonomy":"category","embeddable":true,"href":"https:\/\/indeks.bilten.mk\/index.php?rest_route=%2Fwp%2Fv2%2Fcategories&post=15316"},{"taxonomy":"post_tag","embeddable":true,"href":"https:\/\/indeks.bilten.mk\/index.php?rest_route=%2Fwp%2Fv2%2Ftags&post=15316"}],"curies":[{"name":"wp","href":"https:\/\/api.w.org\/{rel}","templated":true}]}}