{"id":15319,"date":"2023-08-30T14:28:16","date_gmt":"2023-08-30T12:28:16","guid":{"rendered":"https:\/\/indeks.mk\/?p=15319"},"modified":"2023-08-30T14:28:16","modified_gmt":"2023-08-30T12:28:16","slug":"raportohet-per-nje-incident-gjate-varrimit-te-prigozhin-it","status":"publish","type":"post","link":"https:\/\/indeks.bilten.mk\/?p=15319","title":{"rendered":"Raportohet p\u00ebr nj\u00eb incident gjat\u00eb varrimit t\u00eb Prigozhin-it"},"content":{"rendered":"<p>Bosi i Wagner, Yevgeny Prigozhin \u00ebsht\u00eb varrosur n\u00eb nj\u00eb funeral privat n\u00eb nj\u00eb varrez\u00eb n\u00eb Sh\u00ebn Petersburg, njoftoi ekipi i tij mediatik.<\/p>\n<p>Funerali i komandantit mercenar rus, i cili vdiq n\u00eb nj\u00eb aksident avioni jav\u00ebn e kaluar, u mbajt mes familjar\u00ebve dhe miqve n\u00eb varrezat n\u00eb periferi t\u00eb qytetit t\u00eb tij t\u00eb lindjes, Sh\u00ebn Petersburg, njoftoi sot zyra e marr\u00ebdh\u00ebnieve me publikun e Prigozhin.<\/p>\n<p>\u201cLamtumira e fundit p\u00ebr Yevgeny Viktorovich u mbajt n\u00eb nj\u00eb rreth privat. Ata q\u00eb duan t\u00eb thon\u00eb lamtumir\u00eb mund t\u00eb vizitojn\u00eb varrezat e Porohovskoe\u201d, thuhet n\u00eb nj\u00eb postim t\u00eb shkurt\u00ebr n\u00eb Telegram me nj\u00eb foto t\u00eb Yevgeny Prigozhin.<\/p>\n<p>Ceremonia private ishte n\u00eb kontrast t\u00eb plot\u00eb me stilin e jet\u00ebs agresive dhe vet\u00ebpromovuese t\u00eb Prigozhin, sipas Reuters. Gazeta ruse e lajmeve MSK1.RU citoi stafin e varrezave t\u00eb thoshte se nj\u00eb varrim privat ishte d\u00ebshira e familjes.<\/p>\n<div>\n<div id=\"div-gpt-ad-1634289484286-0\">\n<div id=\"google_ads_iframe_\/74207979\/adxp_ge_in-article_0__container__\">Ndryshe nga funerali privat i Prigozhin, dhjet\u00ebra njer\u00ebz erdh\u00ebn n\u00eb funeralin e Valery Chekalov, nj\u00eb nga z\u00ebvend\u00ebsit e Yevgeny Prigozhin i cili vdiq me shefin e tij n\u00eb nj\u00eb aksident avioni jav\u00ebn e kaluar.<\/div>\n<\/div>\n<\/div>\n<p>Reuters raporton se familjes s\u00eb Velery Chekalov, kreut t\u00eb logjistik\u00ebs s\u00eb Wagnerit, iu bashkuan dhjet\u00ebra njer\u00ebz, disa prej t\u00eb cil\u00ebve Reuters i identifikoi si mercenar\u00eb t\u00eb Wagner, n\u00eb varrezat Severnoe n\u00eb Sh\u00ebn Petersburg.<\/p>\n<p>Nj\u00eb prift ortodoks rus b\u00ebri lutjet para arkivolit t\u00eb Chekalov, nd\u00ebrsa familja, miqt\u00eb dhe ish-koleg\u00ebt, disa duke mbajtur tufa me lule, than\u00eb lamtumir\u00ebn e tyre, tregoi video e Reuters.<\/p>\n<p>Disa, duke p\u00ebrfshir\u00eb gra dhe f\u00ebmij\u00eb t\u00eb veshur me syze dielli, iu afruan p\u00ebr t\u00eb puthur arkivolin e tij. Vajtues t\u00eb paidentifikuar n\u00eb funeral urdh\u00ebruan nj\u00eb kameraman dhe fotograf t\u00eb Reuters q\u00eb t\u00eb ndalonte filmimin.<\/p>\n<figure class=\"wp-block-embed-twitter wp-block-embed is-type-rich is-provider-twitter\">\n<div class=\"wp-block-embed__wrapper\">\n<blockquote class=\"twitter-tweet\" data-width=\"500\" data-dnt=\"true\">\n<p dir=\"ltr\" lang=\"it\">A San Pietroburgo si sono svolti i funerali del collega e amico di Y.\u00a0<a href=\"https:\/\/twitter.com\/hashtag\/Prigozhin?src=hash&amp;ref_src=twsrc%5Etfw\">#Prigozhin<\/a>\u00a0Valery\u00a0<a href=\"https:\/\/twitter.com\/hashtag\/Chekalov?src=hash&amp;ref_src=twsrc%5Etfw\">#Chekalov<\/a>, morto nella regione di\u00a0<a href=\"https:\/\/twitter.com\/hashtag\/Tver?src=hash&amp;ref_src=twsrc%5Etfw\">#Tver<\/a>\u00a0a bordo dell&#8217;aereo esploso il 23 agosto. \ud83c\udf39<a href=\"https:\/\/twitter.com\/hashtag\/%D0%9F%D1%80%D0%B8%D0%B3%D0%BE%D0%B6%D0%B8%D0%BD?src=hash&amp;ref_src=twsrc%5Etfw\">#\u041f\u0440\u0438\u0433\u043e\u0436\u0438\u043d<\/a>\u00a0<a href=\"https:\/\/twitter.com\/hashtag\/%D0%A7%D0%B5%D0%BA%D0%B0%D0%BB%D0%BE%D0%B2?src=hash&amp;ref_src=twsrc%5Etfw\">#\u0427\u0435\u043a\u0430\u043b\u043e\u0432<\/a>\u00a0<a href=\"https:\/\/twitter.com\/hashtag\/pmcwagner?src=hash&amp;ref_src=twsrc%5Etfw\">#pmcwagner<\/a>\u00a0<a href=\"https:\/\/t.co\/QDYAqcCwx0\">pic.twitter.com\/QDYAqcCwx0<\/a><\/p>\n<p>\u2014 Barbara Catania (@Halexyt)\u00a0<a href=\"https:\/\/twitter.com\/Halexyt\/status\/1696535060974014731?ref_src=twsrc%5Etfw\">August 29, 2023<\/a><\/p><\/blockquote>\n<\/div>\n<\/figure>\n<figure class=\"wp-block-embed-twitter wp-block-embed is-type-rich is-provider-twitter\">\n<div class=\"wp-block-embed__wrapper\">\n<blockquote class=\"twitter-tweet\" data-width=\"500\" data-dnt=\"true\">\n<p dir=\"ltr\" lang=\"en\">The funeral service of Valery Chekalov, a top Wagner commander who died along with\u00a0<a href=\"https:\/\/twitter.com\/hashtag\/Prigozhin?src=hash&amp;ref_src=twsrc%5Etfw\">#Prigozhin<\/a>, is taking place in St. Petersburg\u00a0<a href=\"https:\/\/t.co\/eJGGNhxtMO\">pic.twitter.com\/eJGGNhxtMO<\/a><\/p>\n<p>\u2014 Michael A. Horowitz (@michaelh992)\u00a0<a href=\"https:\/\/twitter.com\/michaelh992\/status\/1696473169421295846?ref_src=twsrc%5Etfw\">August 29, 2023<\/a><\/p><\/blockquote>\n<\/div>\n<\/figure>\n","protected":false},"excerpt":{"rendered":"<p>Bosi i Wagner, Yevgeny Prigozhin \u00ebsht\u00eb varrosur n\u00eb nj\u00eb funeral privat n\u00eb nj\u00eb varrez\u00eb n\u00eb Sh\u00ebn Petersburg, njoftoi ekipi i tij mediatik. Funerali i komandantit<\/p>\n","protected":false},"author":14,"featured_media":0,"comment_status":"open","ping_status":"open","sticky":false,"template":"","format":"standard","meta":{"footnotes":""},"categories":[46],"tags":[],"class_list":["post-15319","post","type-post","status-publish","format-standard","hentry","category-bota"],"_links":{"self":[{"href":"https:\/\/indeks.bilten.mk\/index.php?rest_route=\/wp\/v2\/posts\/15319","targetHints":{"allow":["GET"]}}],"collection":[{"href":"https:\/\/indeks.bilten.mk\/index.php?rest_route=\/wp\/v2\/posts"}],"about":[{"href":"https:\/\/indeks.bilten.mk\/index.php?rest_route=\/wp\/v2\/types\/post"}],"author":[{"embeddable":true,"href":"https:\/\/indeks.bilten.mk\/index.php?rest_route=\/wp\/v2\/users\/14"}],"replies":[{"embeddable":true,"href":"https:\/\/indeks.bilten.mk\/index.php?rest_route=%2Fwp%2Fv2%2Fcomments&post=15319"}],"version-history":[{"count":0,"href":"https:\/\/indeks.bilten.mk\/index.php?rest_route=\/wp\/v2\/posts\/15319\/revisions"}],"wp:attachment":[{"href":"https:\/\/indeks.bilten.mk\/index.php?rest_route=%2Fwp%2Fv2%2Fmedia&parent=15319"}],"wp:term":[{"taxonomy":"category","embeddable":true,"href":"https:\/\/indeks.bilten.mk\/index.php?rest_route=%2Fwp%2Fv2%2Fcategories&post=15319"},{"taxonomy":"post_tag","embeddable":true,"href":"https:\/\/indeks.bilten.mk\/index.php?rest_route=%2Fwp%2Fv2%2Ftags&post=15319"}],"curies":[{"name":"wp","href":"https:\/\/api.w.org\/{rel}","templated":true}]}}