{"id":15325,"date":"2023-08-30T14:34:13","date_gmt":"2023-08-30T12:34:13","guid":{"rendered":"https:\/\/indeks.mk\/?p=15325"},"modified":"2023-08-30T14:34:13","modified_gmt":"2023-08-30T12:34:13","slug":"real-madridi-afer-nenshkrimit-te-mbappes-pas-ofertes-befasuese","status":"publish","type":"post","link":"https:\/\/indeks.bilten.mk\/?p=15325","title":{"rendered":"Real Madridi af\u00ebr n\u00ebnshkrimit t\u00eb Mbappes pas ofert\u00ebs befasuese"},"content":{"rendered":"<p><strong>Sipas mediave n\u00eb Spanj\u00eb, Real Madridi \u00ebsht\u00eb af\u00ebr n\u00ebnshkrimit t\u00eb Kylian Mbappe nga Paris Saint-Germain.<\/strong><\/p>\n<div class=\"code-block code-block-43 code-block-pas-paragrafit-2t-inarticle\">\n<div>\n<div class=\"code-block-label\">Mediumi <a href=\"https:\/\/www.vozpopuli.com\/deportes\/florentino-perez-ultima-fichaje-kylian-mbappe-real-madrid.html\" target=\"_blank\" rel=\"noopener\"><em>Vozpopuli<\/em><\/a>\u00a0pretendon se Real Madrid dhe Florentino Perez kan\u00eb vendosur t\u00eb b\u00ebjn\u00eb nj\u00eb ofert\u00eb t\u00eb vonuar p\u00ebr Mbappe dhe tani jan\u00eb duke punuar p\u00ebr detajet e marr\u00ebveshjes. Ata nuk japin nj\u00eb tarif\u00eb p\u00ebr marr\u00ebveshjen.<\/div>\n<\/div>\n<\/div>\n<p>Megjithat\u00eb ata thon\u00eb se PSG ka r\u00ebn\u00eb dakord t\u00eb ul\u00eb k\u00ebrkesat e tyre p\u00ebr Mbappe me rreth 50 milion\u00eb euro.<\/p>\n<p>Fillimisht ishte raportuar se PSG k\u00ebrkonte 250 milion\u00eb euro p\u00ebr Mbappe, por ndoshta, p\u00ebrball\u00eb perspektiv\u00ebs p\u00ebr t\u00eb humbur at\u00eb falas ver\u00ebn e ardhshme, ata i kan\u00eb ulur k\u00ebrkesat e tyre.<\/p>\n<blockquote class=\"twitter-tweet\" data-width=\"500\" data-dnt=\"true\">\n<p dir=\"ltr\" lang=\"es\">\ud83d\udd34 PRIMICIA | Florentino P\u00e9rez ultima el fichaje de Kylian Mbapp\u00e9 por el Real Madrid<\/p>\n<p>Por\u00a0<a href=\"https:\/\/twitter.com\/JJHerz7?ref_src=twsrc%5Etfw\">@JJHerz7<\/a>\u00a0<a href=\"https:\/\/t.co\/cM4V4W0moD\">https:\/\/t.co\/cM4V4W0moD<\/a><\/p>\n<p>\u2014 Vozp\u00f3puli (@voz_populi)\u00a0<a href=\"https:\/\/twitter.com\/voz_populi\/status\/1696822827536527391?ref_src=twsrc%5Etfw\">August 30, 2023<\/a><\/p>\n<p>Mbappe, t\u00eb cilit i skadon kontrata ver\u00ebn e ardhshme, do t\u00eb fitoj\u00eb nj\u00eb pag\u00eb prej t\u00eb pakt\u00ebn 50 milion\u00eb euro para taksave te Los Blancos.<\/p><\/blockquote>\n<p>Duhet th\u00ebn\u00eb se ky lajm nuk \u00ebsht\u00eb postuar ende nga asnj\u00eb prej mediave t\u00eb tjera kryesore me baz\u00eb n\u00eb Madrid deri m\u00eb tani.<\/p>\n<p>N\u00eb fakt, gazetat\u00a0<em>Marca<\/em>\u00a0dhe\u00a0<em>AS<\/em>\u00a0l\u00ebshuan raporte t\u00eb m\u00ebrkur\u00ebn n\u00eb m\u00ebngjes q\u00eb pretendonin se nuk do t\u00eb kishte m\u00eb n\u00ebnshkrime t\u00eb \u00e7far\u00ebdo forme apo madh\u00ebsie.<\/p>\n<div class=\"related-to-article\">\n<div class=\"related-article-i\">\n<div class=\"clearfix\"><a href=\"https:\/\/www.vozpopuli.com\/deportes\/florentino-perez-ultima-fichaje-kylian-mbappe-real-madrid.html\" target=\"_blank\" rel=\"noopener\"><em>Vozpopuli<\/em>\u00a0<\/a>pretendon se largimi i Karim Benzemas, i kombinuar me vij\u00ebn relativisht t\u00eb holl\u00eb t\u00eb sulmit, e l\u00ebn\u00eb edhe m\u00eb shum\u00eb nga d\u00ebmtimi i Vinicius Junior, e kan\u00eb frym\u00ebzuar Perezin p\u00ebr t\u00eb b\u00ebr\u00eb nj\u00eb ofert\u00eb.<\/div>\n<\/div>\n<\/div>\n<p>Duke pasur parasysh sagat e fundit t\u00eb ver\u00ebs me Mbappen, Real Madrid dhe n\u00eb t\u00eb v\u00ebrtet\u00eb bota e futbollit do t\u2019i trajtoj\u00eb k\u00ebto raporte me skepticiz\u00ebm si rezultat i p\u00ebrfundimeve t\u00eb m\u00ebparshme.<\/p>\n<div class=\"ai-viewport-1\" data-insertion-position=\"prepend\" data-selector=\".ai-insert-1-40497139\" data-insertion-no-dbg=\"\" data-code=\"PGRpdiBjbGFzcz0nY29kZS1ibG9jayBjb2RlLWJsb2NrLTEgY29kZS1ibG9jay1pbmFydGljbGUtZGVza3RvcCcgc3R5bGU9J21hcmdpbjogOHB4IGF1dG87IHRleHQtYWxpZ246IGNlbnRlcjsgZGlzcGxheTogYmxvY2s7IGNsZWFyOiBib3RoOyB3aWR0aDogMzAwcHg7IGhlaWdodDogNDIwcHg7IGJhY2tncm91bmQtY29sb3I6ICNmZmZmZmY7Jz4KPGRpdiBzdHlsZT0icG9zaXRpb246IHN0aWNreTsgdG9wOiAxNXB4OyI+CjxkaXYgY2xhc3M9ImNvZGUtYmxvY2stbGFiZWwiPlJla2xhbWE8L2Rpdj4KCjwhLS0gR1BUIEFkU2xvdCAxOCBmb3IgQWQgdW5pdCAnSW4tYXJ0aWNsZV9ib3hfMycgIyMjIFNpemU6IFtbMzAwLDI1MF0sWzEsMV1dIC0tPgo8ZGl2IGlkPSdpbmFydGljbGUzJz4KICA8c2NyaXB0PgogICAgZ29vZ2xldGFnLmNtZC5wdXNoKGZ1bmN0aW9uKCkgeyBnb29nbGV0YWcuZGlzcGxheSgnaW5hcnRpY2xlMycpOyB9KTsKICA8L3NjcmlwdD4KPC9kaXY+CjwhLS0gRW5kIEFkU2xvdCAxOCAtLT4KPC9kaXY+CjxkaXYgc3R5bGU9IiBoZWlnaHQ6IDM5MHB4OyI+PC9kaXY+CjwvZGl2Pgo=\" data-block=\"1\">\n<div class=\"code-block code-block-1 code-block-inarticle-desktop\">\n<div>\n<div class=\"code-block-label\">N\u00ebse Mbappe do t\u2019i bashkohet Los Blancos para fundit t\u00eb afatit kalimtar, kjo do t\u00eb ndryshonte t\u00eb gjith\u00eb perspektiv\u00ebn e sezonit t\u00eb tyre, dhe ndoshta pritshm\u00ebrit\u00eb e tyre. <strong><em>\/Telegrafi\/<\/em><\/strong><\/div>\n<\/div>\n<\/div>\n<\/div>\n","protected":false},"excerpt":{"rendered":"<p>Sipas mediave n\u00eb Spanj\u00eb, Real Madridi \u00ebsht\u00eb af\u00ebr n\u00ebnshkrimit t\u00eb Kylian Mbappe nga Paris Saint-Germain. Mediumi Vozpopuli\u00a0pretendon se Real Madrid dhe Florentino Perez kan\u00eb vendosur<\/p>\n","protected":false},"author":14,"featured_media":0,"comment_status":"open","ping_status":"open","sticky":false,"template":"","format":"standard","meta":{"footnotes":""},"categories":[48],"tags":[],"class_list":["post-15325","post","type-post","status-publish","format-standard","hentry","category-sport"],"_links":{"self":[{"href":"https:\/\/indeks.bilten.mk\/index.php?rest_route=\/wp\/v2\/posts\/15325","targetHints":{"allow":["GET"]}}],"collection":[{"href":"https:\/\/indeks.bilten.mk\/index.php?rest_route=\/wp\/v2\/posts"}],"about":[{"href":"https:\/\/indeks.bilten.mk\/index.php?rest_route=\/wp\/v2\/types\/post"}],"author":[{"embeddable":true,"href":"https:\/\/indeks.bilten.mk\/index.php?rest_route=\/wp\/v2\/users\/14"}],"replies":[{"embeddable":true,"href":"https:\/\/indeks.bilten.mk\/index.php?rest_route=%2Fwp%2Fv2%2Fcomments&post=15325"}],"version-history":[{"count":0,"href":"https:\/\/indeks.bilten.mk\/index.php?rest_route=\/wp\/v2\/posts\/15325\/revisions"}],"wp:attachment":[{"href":"https:\/\/indeks.bilten.mk\/index.php?rest_route=%2Fwp%2Fv2%2Fmedia&parent=15325"}],"wp:term":[{"taxonomy":"category","embeddable":true,"href":"https:\/\/indeks.bilten.mk\/index.php?rest_route=%2Fwp%2Fv2%2Fcategories&post=15325"},{"taxonomy":"post_tag","embeddable":true,"href":"https:\/\/indeks.bilten.mk\/index.php?rest_route=%2Fwp%2Fv2%2Ftags&post=15325"}],"curies":[{"name":"wp","href":"https:\/\/api.w.org\/{rel}","templated":true}]}}