{"id":15332,"date":"2023-08-30T15:01:00","date_gmt":"2023-08-30T13:01:00","guid":{"rendered":"https:\/\/indeks.mk\/?p=15332"},"modified":"2023-08-30T15:01:00","modified_gmt":"2023-08-30T13:01:00","slug":"orban-flet-ne-emer-te-vuciq-it-dhe-serbise-permend-edhe-luften-e-mundshme","status":"publish","type":"post","link":"https:\/\/indeks.bilten.mk\/?p=15332","title":{"rendered":"Orban flet n\u00eb em\u00ebr t\u00eb Vu\u00e7iq-it dhe Serbis\u00eb, p\u00ebrmend edhe luft\u00ebn e mundshme"},"content":{"rendered":"<p>Pas sabotimit t\u00eb Rrjedh\u00ebs Veriore, Hungaria dhe Serbia paralajm\u00ebruan komunitetin nd\u00ebrkomb\u00ebtar se do t\u00eb konsiderojn\u00eb \u00e7do k\u00ebrc\u00ebnim ndaj sistemit t\u00eb furnizimit me gaz nga Federata Ruse, tha kryeministri hungarez Viktor Orban n\u00eb nj\u00eb bised\u00eb me gazetarin amerikan Tucker Carlson.<\/p>\n<p>Si\u00e7 u tha, Orban kujtoi se Hungaria e cil\u00ebsoi menj\u00ebher\u00eb sabotimin e Nord Stream si nj\u00eb akt terrorist dhe e quajti munges\u00ebn e nj\u00eb reagimi t\u00eb ashp\u00ebr nga Gjermania \u201cnj\u00eb manifestim i munges\u00ebs s\u00eb sovranitetit\u201d.<\/p>\n<figure class=\"wp-block-embed-twitter wp-block-embed is-type-rich is-provider-twitter\">\n<div class=\"wp-block-embed__wrapper\">\n<div class=\"twitter-tweet twitter-tweet-rendered\"><iframe id=\"twitter-widget-0\" class=\"\" title=\"Twitter Tweet\" src=\"https:\/\/platform.twitter.com\/embed\/Tweet.html?creatorScreenName=gazetaexpress&amp;dnt=true&amp;embedId=twitter-widget-0&amp;features=eyJ0ZndfdGltZWxpbmVfbGlzdCI6eyJidWNrZXQiOltdLCJ2ZXJzaW9uIjpudWxsfSwidGZ3X2ZvbGxvd2VyX2NvdW50X3N1bnNldCI6eyJidWNrZXQiOnRydWUsInZlcnNpb24iOm51bGx9LCJ0ZndfdHdlZXRfZWRpdF9iYWNrZW5kIjp7ImJ1Y2tldCI6Im9uIiwidmVyc2lvbiI6bnVsbH0sInRmd19yZWZzcmNfc2Vzc2lvbiI6eyJidWNrZXQiOiJvbiIsInZlcnNpb24iOm51bGx9LCJ0ZndfZm9zbnJfc29mdF9pbnRlcnZlbnRpb25zX2VuYWJsZWQiOnsiYnVja2V0Ijoib24iLCJ2ZXJzaW9uIjpudWxsfSwidGZ3X21peGVkX21lZGlhXzE1ODk3Ijp7ImJ1Y2tldCI6InRyZWF0bWVudCIsInZlcnNpb24iOm51bGx9LCJ0ZndfZXhwZXJpbWVudHNfY29va2llX2V4cGlyYXRpb24iOnsiYnVja2V0IjoxMjA5NjAwLCJ2ZXJzaW9uIjpudWxsfSwidGZ3X3Nob3dfYmlyZHdhdGNoX3Bpdm90c19lbmFibGVkIjp7ImJ1Y2tldCI6Im9uIiwidmVyc2lvbiI6bnVsbH0sInRmd19kdXBsaWNhdGVfc2NyaWJlc190b19zZXR0aW5ncyI6eyJidWNrZXQiOiJvbiIsInZlcnNpb24iOm51bGx9LCJ0ZndfdXNlX3Byb2ZpbGVfaW1hZ2Vfc2hhcGVfZW5hYmxlZCI6eyJidWNrZXQiOiJvbiIsInZlcnNpb24iOm51bGx9LCJ0ZndfdmlkZW9faGxzX2R5bmFtaWNfbWFuaWZlc3RzXzE1MDgyIjp7ImJ1Y2tldCI6InRydWVfYml0cmF0ZSIsInZlcnNpb24iOm51bGx9LCJ0ZndfbGVnYWN5X3RpbWVsaW5lX3N1bnNldCI6eyJidWNrZXQiOnRydWUsInZlcnNpb24iOm51bGx9LCJ0ZndfdHdlZXRfZWRpdF9mcm9udGVuZCI6eyJidWNrZXQiOiJvbiIsInZlcnNpb24iOm51bGx9fQ%3D%3D&amp;frame=false&amp;hideCard=false&amp;hideThread=false&amp;id=1696643892253466712&amp;lang=en&amp;origin=https%3A%2F%2Fwww.gazetaexpress.com%2Forban-flet-ne-emer-te-vuciq-it-dhe-serbise-permend-edhe-luften-e-mundshme%2F&amp;sessionId=734e469d1f2de8c233a2f014798ae854cc4262a0&amp;siteScreenName=gazetaexpress&amp;theme=light&amp;widgetsVersion=aaf4084522e3a%3A1674595607486&amp;width=500px\" frameborder=\"0\" scrolling=\"no\" allowfullscreen=\"allowfullscreen\" data-tweet-id=\"1696643892253466712\" data-mce-fragment=\"1\"><\/iframe><\/div>\n<\/div>\n<\/figure>\n<p>\u201cBudapesti menj\u00ebher\u00eb e b\u00ebri t\u00eb qart\u00eb se ekziston nj\u00eb tjet\u00ebr gazsjell\u00ebs \u2013 jo Rryma e Veriut, por Rrjedha e Jugut, p\u00ebrmes t\u00eb cilit gazi d\u00ebrgohet nga Rusia p\u00ebrgjat\u00eb korridorit jugor n\u00eb Turqi, Bullgari, Serbi, Hungari. S\u00eb bashku me kryeministrin e Serbis\u00eb dhe Presidentin e kemi p\u00ebrmendur se n\u00ebse dikush d\u00ebshiron t\u00eb b\u00ebj\u00eb t\u00eb nj\u00ebjt\u00ebn gj\u00eb me korridorin jugor si\u00e7 \u00ebsht\u00eb b\u00ebr\u00eb me at\u00eb verior, at\u00ebher\u00eb do ta konsiderojm\u00eb shkak p\u00ebr luft\u00eb, sulm terrorist dhe do t\u00eb p\u00ebrgjigjemi. menj\u00ebher\u00eb\u201d, tha kryeministri hungarez.<\/p>\n<p>Orban b\u00ebri thirrje p\u00ebr braktisjen e planeve t\u00eb tilla, pa treguar se kujt i drejtohej sakt\u00ebsisht paralajm\u00ebrimi i tij, duke specifikuar se nuk ishte Federata Ruse.<\/p>\n<p>\u201cNdoshta mund ta b\u00ebni k\u00ebt\u00eb me gjerman\u00ebt, por nuk mund ta b\u00ebni me k\u00ebt\u00eb rajon\u201d, tha ai.<\/p>\n","protected":false},"excerpt":{"rendered":"<p>Pas sabotimit t\u00eb Rrjedh\u00ebs Veriore, Hungaria dhe Serbia paralajm\u00ebruan komunitetin nd\u00ebrkomb\u00ebtar se do t\u00eb konsiderojn\u00eb \u00e7do k\u00ebrc\u00ebnim ndaj sistemit t\u00eb furnizimit me gaz nga Federata<\/p>\n","protected":false},"author":14,"featured_media":0,"comment_status":"open","ping_status":"open","sticky":false,"template":"","format":"standard","meta":{"footnotes":""},"categories":[46],"tags":[],"class_list":["post-15332","post","type-post","status-publish","format-standard","hentry","category-bota"],"_links":{"self":[{"href":"https:\/\/indeks.bilten.mk\/index.php?rest_route=\/wp\/v2\/posts\/15332","targetHints":{"allow":["GET"]}}],"collection":[{"href":"https:\/\/indeks.bilten.mk\/index.php?rest_route=\/wp\/v2\/posts"}],"about":[{"href":"https:\/\/indeks.bilten.mk\/index.php?rest_route=\/wp\/v2\/types\/post"}],"author":[{"embeddable":true,"href":"https:\/\/indeks.bilten.mk\/index.php?rest_route=\/wp\/v2\/users\/14"}],"replies":[{"embeddable":true,"href":"https:\/\/indeks.bilten.mk\/index.php?rest_route=%2Fwp%2Fv2%2Fcomments&post=15332"}],"version-history":[{"count":0,"href":"https:\/\/indeks.bilten.mk\/index.php?rest_route=\/wp\/v2\/posts\/15332\/revisions"}],"wp:attachment":[{"href":"https:\/\/indeks.bilten.mk\/index.php?rest_route=%2Fwp%2Fv2%2Fmedia&parent=15332"}],"wp:term":[{"taxonomy":"category","embeddable":true,"href":"https:\/\/indeks.bilten.mk\/index.php?rest_route=%2Fwp%2Fv2%2Fcategories&post=15332"},{"taxonomy":"post_tag","embeddable":true,"href":"https:\/\/indeks.bilten.mk\/index.php?rest_route=%2Fwp%2Fv2%2Ftags&post=15332"}],"curies":[{"name":"wp","href":"https:\/\/api.w.org\/{rel}","templated":true}]}}