{"id":15340,"date":"2023-08-30T15:07:19","date_gmt":"2023-08-30T13:07:19","guid":{"rendered":"https:\/\/indeks.mk\/?p=15340"},"modified":"2023-08-30T15:07:19","modified_gmt":"2023-08-30T13:07:19","slug":"yutuberja-shqiptare-i-hap-dyert-e-shtepise-malsores-ne-gjermani","status":"publish","type":"post","link":"https:\/\/indeks.bilten.mk\/?p=15340","title":{"rendered":"Yutuberja shqiptare i hap dyert e sht\u00ebpis\u00eb Malsor\u00ebs n\u00eb Gjermani"},"content":{"rendered":"<p><strong>Fenomeni i Tik Tok-ut, Malsorja s\u00eb fundmi ma marr\u00eb viz\u00ebn dhe ka vendosur ta l\u00eb Kosov\u00ebn dhe t\u00eb udh\u00ebtoj n\u00eb Gjermani.<\/strong><\/p>\n<p>Por k\u00ebt\u00eb udh\u00ebtim po e mund\u00ebson edhe Yutuberja shqiptare Adisa Gjomemo, e cila ia ka hapur dyert e sht\u00ebpis\u00eb p\u00ebr Malsoren, shkruan \u201cKosovarja\u201d.<\/p>\n<p><img loading=\"lazy\" decoding=\"async\" class=\"alignnone size-full wp-image-494293\" src=\"https:\/\/i0.wp.com\/www.kosovarja-ks.com\/wp-content\/uploads\/2023\/08\/Screenshot-2023-08-30T131314.524.png?resize=643%2C432&amp;ssl=1\" sizes=\"auto, (max-width: 643px) 100vw, 643px\" srcset=\"https:\/\/i0.wp.com\/www.kosovarja-ks.com\/wp-content\/uploads\/2023\/08\/Screenshot-2023-08-30T131314.524.png?w=643&amp;ssl=1 643w, https:\/\/i0.wp.com\/www.kosovarja-ks.com\/wp-content\/uploads\/2023\/08\/Screenshot-2023-08-30T131314.524.png?resize=300%2C202&amp;ssl=1 300w\" alt=\"\" width=\"643\" height=\"432\" data-pin-no-hover=\"true\" \/><\/p>\n<p>Kjo edhe nj\u00ebher\u00eb e v\u00ebrteton zemr\u00ebn e madhe q\u00eb kan\u00eb shqiptar\u00ebt p\u00ebr nj\u00ebri-tjetrin.<\/p>\n<p>Dit\u00ebt n\u00eb vazhdim pritet q\u00eb Malsorja t\u00eb takoj\u00eb p\u00ebr her\u00eb t\u00eb par\u00eb miken e saj nga \u201cTik tok-u\u201d.<\/p>\n<p>E p\u00ebr k\u00ebt\u00eb kan\u00eb reaguar shum\u00eb ndjek\u00ebs t\u00eb vajzave n\u00eb rrjete sociale duk\u00eb v\u00ebn\u00eb n\u00eb pah zem\u00ebrgjer\u00ebsin\u00eb e Adis\u00ebs.<\/p>\n<div class=\"jeg_video_container jeg_video_content\"><iframe loading=\"lazy\" title=\"LIVE - Malsorja dhe Adisa zbulojn\u00eb planet q\u00eb kan\u00eb n\u00eb Gjermani\" src=\"https:\/\/www.youtube.com\/embed\/BJTzkO9m6QQ?feature=oembed\" width=\"500\" height=\"281\" frameborder=\"0\" allowfullscreen=\"allowfullscreen\" data-mce-fragment=\"1\"><\/iframe><\/div>\n<div id=\"kosov-1861465562\" class=\"kosov-artikull-i-sponzorizuar\">\n<div id=\"M161593ScriptRootC973843_03586\">\n<div id=\"MarketGidComposite973843_03586\">\n<div>\n<div class=\"mgbox\">\n<div class=\"mgheader\"><\/div>\n<\/div>\n<\/div>\n<\/div>\n<\/div>\n<\/div>\n","protected":false},"excerpt":{"rendered":"<p>Fenomeni i Tik Tok-ut, Malsorja s\u00eb fundmi ma marr\u00eb viz\u00ebn dhe ka vendosur ta l\u00eb Kosov\u00ebn dhe t\u00eb udh\u00ebtoj n\u00eb Gjermani. Por k\u00ebt\u00eb udh\u00ebtim po<\/p>\n","protected":false},"author":14,"featured_media":0,"comment_status":"open","ping_status":"open","sticky":false,"template":"","format":"standard","meta":{"footnotes":""},"categories":[49],"tags":[],"class_list":["post-15340","post","type-post","status-publish","format-standard","hentry","category-showbiz"],"_links":{"self":[{"href":"https:\/\/indeks.bilten.mk\/index.php?rest_route=\/wp\/v2\/posts\/15340","targetHints":{"allow":["GET"]}}],"collection":[{"href":"https:\/\/indeks.bilten.mk\/index.php?rest_route=\/wp\/v2\/posts"}],"about":[{"href":"https:\/\/indeks.bilten.mk\/index.php?rest_route=\/wp\/v2\/types\/post"}],"author":[{"embeddable":true,"href":"https:\/\/indeks.bilten.mk\/index.php?rest_route=\/wp\/v2\/users\/14"}],"replies":[{"embeddable":true,"href":"https:\/\/indeks.bilten.mk\/index.php?rest_route=%2Fwp%2Fv2%2Fcomments&post=15340"}],"version-history":[{"count":0,"href":"https:\/\/indeks.bilten.mk\/index.php?rest_route=\/wp\/v2\/posts\/15340\/revisions"}],"wp:attachment":[{"href":"https:\/\/indeks.bilten.mk\/index.php?rest_route=%2Fwp%2Fv2%2Fmedia&parent=15340"}],"wp:term":[{"taxonomy":"category","embeddable":true,"href":"https:\/\/indeks.bilten.mk\/index.php?rest_route=%2Fwp%2Fv2%2Fcategories&post=15340"},{"taxonomy":"post_tag","embeddable":true,"href":"https:\/\/indeks.bilten.mk\/index.php?rest_route=%2Fwp%2Fv2%2Ftags&post=15340"}],"curies":[{"name":"wp","href":"https:\/\/api.w.org\/{rel}","templated":true}]}}