{"id":15345,"date":"2023-08-30T15:11:17","date_gmt":"2023-08-30T13:11:17","guid":{"rendered":"https:\/\/indeks.mk\/?p=15345"},"modified":"2023-08-30T15:11:17","modified_gmt":"2023-08-30T13:11:17","slug":"kush-i-paguan-pushimet-kur-shkon-me-vellezerit-dhe-prinderit-keshtu-pergjigjet-arbana-osmani","status":"publish","type":"post","link":"https:\/\/indeks.bilten.mk\/?p=15345","title":{"rendered":"&#8220;Kush i paguan pushimet kur shkon me v\u00ebllez\u00ebrit dhe prind\u00ebrit|?, k\u00ebshtu p\u00ebrgjigjet Arbana Osmani"},"content":{"rendered":"<p><strong>Moderatorja shum\u00eb e dashur p\u00ebr publikun Arbana Osmani ka ndar\u00eb disa sekuenca duke treguar p\u00ebr jet\u00ebn e saj private.<\/strong><\/p>\n<p>Ajo ka realizuar nj\u00eb rubrik\u00eb ku ndjek\u00ebsit e saj i b\u00ebn\u00eb pyetje, nj\u00ebra prej tyre ishte edhe se \u201cKush i paguan pushimet kur shkon me v\u00ebllez\u00ebr dhe prind\u00ebrit?\u201d, por tashme Arban\u00ebn e njohim p\u00ebr modestin qe e karakterizon dhe k\u00ebshtu ka treguar ajo, shkruan\u00a0<strong>\u201cKosovarja\u201d<\/strong>.<\/p>\n<p><img loading=\"lazy\" decoding=\"async\" class=\"aligncenter size-full wp-image-494276\" src=\"https:\/\/i0.wp.com\/www.kosovarja-ks.com\/wp-content\/uploads\/2023\/08\/371127583_6842075265811701_7604680378292294612_n.jpg?resize=828%2C1463&amp;ssl=1\" sizes=\"auto, (max-width: 828px) 100vw, 828px\" srcset=\"https:\/\/i0.wp.com\/www.kosovarja-ks.com\/wp-content\/uploads\/2023\/08\/371127583_6842075265811701_7604680378292294612_n.jpg?w=828&amp;ssl=1 828w, https:\/\/i0.wp.com\/www.kosovarja-ks.com\/wp-content\/uploads\/2023\/08\/371127583_6842075265811701_7604680378292294612_n.jpg?resize=170%2C300&amp;ssl=1 170w, https:\/\/i0.wp.com\/www.kosovarja-ks.com\/wp-content\/uploads\/2023\/08\/371127583_6842075265811701_7604680378292294612_n.jpg?resize=580%2C1024&amp;ssl=1 580w, https:\/\/i0.wp.com\/www.kosovarja-ks.com\/wp-content\/uploads\/2023\/08\/371127583_6842075265811701_7604680378292294612_n.jpg?resize=768%2C1357&amp;ssl=1 768w, https:\/\/i0.wp.com\/www.kosovarja-ks.com\/wp-content\/uploads\/2023\/08\/371127583_6842075265811701_7604680378292294612_n.jpg?resize=750%2C1325&amp;ssl=1 750w\" alt=\"\" width=\"673\" height=\"1190\" data-pin-no-hover=\"true\" \/><\/p>\n<p>\u201cAt\u00eb qe prind\u00ebrit e mi kane bere dhe vazhdojn\u00eb te b\u00ebjn\u00eb p\u00ebr mua dhe v\u00ebllez\u00ebrit e mi nuk ka \u00e7mim\/ pushime\/ shp\u00ebrblime t\u00eb kompenson\u201d shprehet Osmani.<\/p>\n<p>Ajo gjithashtu n\u00eb \u00e7do sezon t\u00eb ver\u00ebs nuk mungon as pushimet qe kalon me prind\u00ebrit n\u00eb vende t\u00eb ndryshme te botes.<\/p>\n<blockquote class=\"instagram-media\" data-instgrm-captioned=\"\" data-instgrm-permalink=\"https:\/\/www.instagram.com\/p\/Cvmhp0CoOuG\/?utm_source=ig_embed&amp;utm_campaign=loading\" data-instgrm-version=\"14\">\n<div>\n<p>&nbsp;<\/p>\n<div>\n<div><\/div>\n<div>\n<div><\/div>\n<div><\/div>\n<\/div>\n<\/div>\n<div><\/div>\n<\/div>\n<\/blockquote>\n<p>&nbsp;<\/p>\n","protected":false},"excerpt":{"rendered":"<p>Moderatorja shum\u00eb e dashur p\u00ebr publikun Arbana Osmani ka ndar\u00eb disa sekuenca duke treguar p\u00ebr jet\u00ebn e saj private. Ajo ka realizuar nj\u00eb rubrik\u00eb ku<\/p>\n","protected":false},"author":14,"featured_media":0,"comment_status":"open","ping_status":"open","sticky":false,"template":"","format":"standard","meta":{"footnotes":""},"categories":[49],"tags":[],"class_list":["post-15345","post","type-post","status-publish","format-standard","hentry","category-showbiz"],"_links":{"self":[{"href":"https:\/\/indeks.bilten.mk\/index.php?rest_route=\/wp\/v2\/posts\/15345","targetHints":{"allow":["GET"]}}],"collection":[{"href":"https:\/\/indeks.bilten.mk\/index.php?rest_route=\/wp\/v2\/posts"}],"about":[{"href":"https:\/\/indeks.bilten.mk\/index.php?rest_route=\/wp\/v2\/types\/post"}],"author":[{"embeddable":true,"href":"https:\/\/indeks.bilten.mk\/index.php?rest_route=\/wp\/v2\/users\/14"}],"replies":[{"embeddable":true,"href":"https:\/\/indeks.bilten.mk\/index.php?rest_route=%2Fwp%2Fv2%2Fcomments&post=15345"}],"version-history":[{"count":0,"href":"https:\/\/indeks.bilten.mk\/index.php?rest_route=\/wp\/v2\/posts\/15345\/revisions"}],"wp:attachment":[{"href":"https:\/\/indeks.bilten.mk\/index.php?rest_route=%2Fwp%2Fv2%2Fmedia&parent=15345"}],"wp:term":[{"taxonomy":"category","embeddable":true,"href":"https:\/\/indeks.bilten.mk\/index.php?rest_route=%2Fwp%2Fv2%2Fcategories&post=15345"},{"taxonomy":"post_tag","embeddable":true,"href":"https:\/\/indeks.bilten.mk\/index.php?rest_route=%2Fwp%2Fv2%2Ftags&post=15345"}],"curies":[{"name":"wp","href":"https:\/\/api.w.org\/{rel}","templated":true}]}}