{"id":15353,"date":"2023-08-30T21:25:37","date_gmt":"2023-08-30T19:25:37","guid":{"rendered":"https:\/\/indeks.mk\/?p=15353"},"modified":"2023-08-30T21:25:37","modified_gmt":"2023-08-30T19:25:37","slug":"gruevski-shfaqet-me-bajden-obama-bush-dhe-lidere-tjere-boteror-foto","status":"publish","type":"post","link":"https:\/\/indeks.bilten.mk\/?p=15353","title":{"rendered":"Gruevski shfaqet me Bajden, Obama, Bush dhe lider\u00eb tjer\u00eb bot\u00ebror (FOTO)"},"content":{"rendered":"<p>Ish-kryeministri Nikolla Gruevski i cili g\u00ebzon statutin e azilit politik n\u00eb Hungari, n\u00eb rrjetet sociale ka komentuar aktualitetin politik n\u00eb vend, n\u00eb raport me procesin e ndryshimeve kushtetuese dhe raportet e Shkupit me Sofjen.<\/p>\n<p>Ai n\u00eb postimin e tij n\u00eb \u201cFacebook\u201d ka l\u00ebshuar akuza edhe ndaj ish-kryeministrit Zoran Zaev p\u00ebr zbulimin e strategjive dhe planeve shtet\u00ebrore maqedonase duke u dh\u00ebn\u00eb pal\u00ebs bullgare audio regjistrime nga takimet e kreut shtet\u00ebror t\u00eb Maqedonis\u00eb s\u00eb Veriut.<\/p>\n<p>Gruevski, n\u00eb postimin e tij ka shfaqur edhe fotografi nga takimet n\u00eb koh\u00ebn kur ka qen\u00eb kryeminist\u00ebr me ish-president\u00ebt e SHBA-s\u00eb, Bajden, Obama, Bush dhe lider\u00eb tjer\u00eb bot\u00ebror.<\/p>\n<p><iframe loading=\"lazy\" src=\"https:\/\/www.facebook.com\/plugins\/post.php?href=https%3A%2F%2Fwww.facebook.com%2FNGruevski%2Fposts%2Fpfbid0QiGwxF6UDbR1P85oKSMtYiiQ7KAAxhsZYV7nDvwZt51j6zwhopcSdbF4jYjm6LGnl&amp;show_text=true&amp;width=500\" width=\"500\" height=\"806\" frameborder=\"0\" scrolling=\"no\" allowfullscreen=\"allowfullscreen\"><\/iframe><\/p>\n","protected":false},"excerpt":{"rendered":"<p>Ish-kryeministri Nikolla Gruevski i cili g\u00ebzon statutin e azilit politik n\u00eb Hungari, n\u00eb rrjetet sociale ka komentuar aktualitetin politik n\u00eb vend, n\u00eb raport me procesin<\/p>\n","protected":false},"author":14,"featured_media":0,"comment_status":"open","ping_status":"open","sticky":false,"template":"","format":"standard","meta":{"footnotes":""},"categories":[44],"tags":[],"class_list":["post-15353","post","type-post","status-publish","format-standard","hentry","category-maqedoni"],"_links":{"self":[{"href":"https:\/\/indeks.bilten.mk\/index.php?rest_route=\/wp\/v2\/posts\/15353","targetHints":{"allow":["GET"]}}],"collection":[{"href":"https:\/\/indeks.bilten.mk\/index.php?rest_route=\/wp\/v2\/posts"}],"about":[{"href":"https:\/\/indeks.bilten.mk\/index.php?rest_route=\/wp\/v2\/types\/post"}],"author":[{"embeddable":true,"href":"https:\/\/indeks.bilten.mk\/index.php?rest_route=\/wp\/v2\/users\/14"}],"replies":[{"embeddable":true,"href":"https:\/\/indeks.bilten.mk\/index.php?rest_route=%2Fwp%2Fv2%2Fcomments&post=15353"}],"version-history":[{"count":0,"href":"https:\/\/indeks.bilten.mk\/index.php?rest_route=\/wp\/v2\/posts\/15353\/revisions"}],"wp:attachment":[{"href":"https:\/\/indeks.bilten.mk\/index.php?rest_route=%2Fwp%2Fv2%2Fmedia&parent=15353"}],"wp:term":[{"taxonomy":"category","embeddable":true,"href":"https:\/\/indeks.bilten.mk\/index.php?rest_route=%2Fwp%2Fv2%2Fcategories&post=15353"},{"taxonomy":"post_tag","embeddable":true,"href":"https:\/\/indeks.bilten.mk\/index.php?rest_route=%2Fwp%2Fv2%2Ftags&post=15353"}],"curies":[{"name":"wp","href":"https:\/\/api.w.org\/{rel}","templated":true}]}}