{"id":15356,"date":"2023-08-31T08:35:50","date_gmt":"2023-08-31T06:35:50","guid":{"rendered":"https:\/\/indeks.mk\/?p=15356"},"modified":"2023-08-31T08:35:50","modified_gmt":"2023-08-31T06:35:50","slug":"moti-sot-me-diell-dhe-vranesira-mesatare","status":"publish","type":"post","link":"https:\/\/indeks.bilten.mk\/?p=15356","title":{"rendered":"Moti sot me diell dhe vran\u00ebsira mesatare"},"content":{"rendered":"<p>Moti sot n\u00eb mbar\u00eb vendin do t\u00eb jet\u00eb me diell dhe vran\u00ebsira mesatare.<\/p>\n<p>N\u00eb pjes\u00ebt per\u00ebndimore dhe lindore t\u00eb vendit do t\u00eb ket\u00eb kushte p\u00ebr reshje t\u00eb shiut. Do t\u00eb fryj\u00eb dhe er\u00eb mesatare nga drejtimi veriper\u00ebndimor\u00eb.<\/p>\n<div class=\"code-block code-block-43 code-block-pas-paragrafit-2t-inarticle\">\n<div>\n<div class=\"code-block-label\">Temperatura minimale do t\u00eb jet\u00eb n\u00eb interval prej 12 deri n\u00eb 19, nd\u00ebrsa ajo maksimale do t\u00eb arrij prej 27 deri n\u00eb 33 grad\u00eb.<\/div>\n<\/div>\n<\/div>\n<p>N\u00eb Shkup dhe rrethin\u00eb moti do t\u00eb jet\u00eb me diell dhe vran\u00ebsira mesatare. Do t\u00eb fryj\u00eb dhe er\u00eb e dob\u00ebt nga drejtimi verior. Temperatura minimale do t\u00eb ulet n\u00eb 14, nd\u00ebrsa ajo maksimale do t\u00eb arrij n\u00eb 31 grad\u00eb Celsius\u00eb.<\/p>\n<div class=\"code-block code-block-46 code-block-instream-fundposti\">\n<div class=\"cnx-ad-container cnx-full-height \"><\/div>\n<div class=\"cnx-ad-container cnx-full-height cnx-ad-video-size-slot\">\n<div class=\"cnx-ad-bid-slot\" aria-hidden=\"true\">\n<div class=\"cnx-ad-slot\">\n<div class=\"cnx-ad-slot\">\n<div><\/div>\n<\/div>\n<\/div>\n<\/div>\n<div class=\"cnx-ad-bid-slot\" aria-hidden=\"true\">\n<div class=\"cnx-ad-slot\">\n<div class=\"cnx-ad-slot\">\n<div><\/div>\n<\/div>\n<\/div>\n<\/div>\n<\/div>\n<\/div>\n","protected":false},"excerpt":{"rendered":"<p>Moti sot n\u00eb mbar\u00eb vendin do t\u00eb jet\u00eb me diell dhe vran\u00ebsira mesatare. N\u00eb pjes\u00ebt per\u00ebndimore dhe lindore t\u00eb vendit do t\u00eb ket\u00eb kushte p\u00ebr<\/p>\n","protected":false},"author":14,"featured_media":0,"comment_status":"open","ping_status":"open","sticky":false,"template":"","format":"standard","meta":{"footnotes":""},"categories":[44],"tags":[],"class_list":["post-15356","post","type-post","status-publish","format-standard","hentry","category-maqedoni"],"_links":{"self":[{"href":"https:\/\/indeks.bilten.mk\/index.php?rest_route=\/wp\/v2\/posts\/15356","targetHints":{"allow":["GET"]}}],"collection":[{"href":"https:\/\/indeks.bilten.mk\/index.php?rest_route=\/wp\/v2\/posts"}],"about":[{"href":"https:\/\/indeks.bilten.mk\/index.php?rest_route=\/wp\/v2\/types\/post"}],"author":[{"embeddable":true,"href":"https:\/\/indeks.bilten.mk\/index.php?rest_route=\/wp\/v2\/users\/14"}],"replies":[{"embeddable":true,"href":"https:\/\/indeks.bilten.mk\/index.php?rest_route=%2Fwp%2Fv2%2Fcomments&post=15356"}],"version-history":[{"count":0,"href":"https:\/\/indeks.bilten.mk\/index.php?rest_route=\/wp\/v2\/posts\/15356\/revisions"}],"wp:attachment":[{"href":"https:\/\/indeks.bilten.mk\/index.php?rest_route=%2Fwp%2Fv2%2Fmedia&parent=15356"}],"wp:term":[{"taxonomy":"category","embeddable":true,"href":"https:\/\/indeks.bilten.mk\/index.php?rest_route=%2Fwp%2Fv2%2Fcategories&post=15356"},{"taxonomy":"post_tag","embeddable":true,"href":"https:\/\/indeks.bilten.mk\/index.php?rest_route=%2Fwp%2Fv2%2Ftags&post=15356"}],"curies":[{"name":"wp","href":"https:\/\/api.w.org\/{rel}","templated":true}]}}