{"id":15366,"date":"2023-08-31T09:10:58","date_gmt":"2023-08-31T07:10:58","guid":{"rendered":"https:\/\/indeks.mk\/?p=15366"},"modified":"2023-08-31T09:10:58","modified_gmt":"2023-08-31T07:10:58","slug":"deputetet-e-kuvendit-te-rmv-se-sot-kthehen-ne-pune","status":"publish","type":"post","link":"https:\/\/indeks.bilten.mk\/?p=15366","title":{"rendered":"Deputet\u00ebt e Kuvendit t\u00eb RMV-s\u00eb sot kthehen n\u00eb pun\u00eb"},"content":{"rendered":"<p>Deputet\u00ebt e Kuvendit t\u00eb RMV-s\u00eb sot vazhdojn\u00eb pun\u00ebn. Pushimi i tyre i cili zyrtarisht filloi pas fest\u00ebs s\u00eb \u201cIlindenit\u201d ishte \u201cpauzuar\u201d vet\u00ebm p\u00ebr nj\u00eb dit\u00eb dhe at\u00eb m\u00eb 18 gusht p\u00ebr mbledhjen p\u00ebr nevoj\u00ebn p\u00ebr ndryshimet kushtetuese.<\/p>\n<p>Kryetari i Kuvendit, Talat Xhaferi pas k\u00ebsaj mbledhjeje e cila p\u00ebrfundoi p\u00ebr disa or\u00eb, vazhdoi t\u00eb shkoj\u00eb n\u00eb zyr\u00ebn e vet dhe t\u2019i kryej\u00eb obligimet.<\/p>\n<div class=\"code-block code-block-43 code-block-pas-paragrafit-2t-inarticle\">\n<div>\n<div class=\"code-block-label\">N\u00eb Kuvend p\u00ebr sot jan\u00eb caktuar dy mbledhje t\u00eb Komisionit ligjv\u00ebn\u00ebs \u2013 juridik dhe at\u00eb vazhdimet e mbledhjeve t\u00eb 200-t\u00eb dhe t\u00eb 203-t\u00eb dhe mbledhje e K\u00ebshillit buxhetor t\u00eb Kuvendit. Mbledhja e re kuvendore, e para pas pushimit, \u00ebsht\u00eb caktuar p\u00ebr m\u00eb 5 shtator.<\/div>\n<\/div>\n<\/div>\n<p>N\u00eb mbledhjen e K\u00ebshillit buxhetor t\u00eb Kuvendit n\u00eb rend dite jan\u00eb Propozim-vendimi p\u00ebr dh\u00ebnien e dakordimit p\u00ebr ndryshim dhe plot\u00ebsim t\u00eb Buxhetit t\u00eb Kuvendit t\u00eb RMV-s\u00eb p\u00ebr vitin 2023, Propozimi i planit strategjik t\u00eb Kuvendit t\u00eb RMV-s\u00eb p\u00ebr periudh\u00ebn 2024-2028, Propozim-vendimi p\u00ebr dh\u00ebnien e dakordimit financiar t\u00eb Planit vjetor p\u00ebr pun\u00ebsim n\u00eb Sh\u00ebrbimin e Kuvendit p\u00ebr vitin 2024 dhe Propozimi i buxhetit t\u00eb Kuvendit t\u00eb RMV-s\u00eb p\u00ebr vitin 2024.<\/p>\n<p>N\u00eb rend dite t\u00eb mbledhjes s\u00eb 200-t\u00eb t\u00eb Komisionit ligjv\u00ebn\u00ebs-juridik jan\u00eb Propozim ligjet e tjera p\u00ebr tatimin e solidaritetit, Propozimi i ligjit p\u00ebr ndryshim dhe plot\u00ebsim t\u00eb Ligjit p\u00ebr tatimin e vler\u00ebs s\u00eb shtuar, Propozim ligji p\u00ebr ndryshim dhe plot\u00ebsim t\u00eb Ligjit p\u00ebr tatimin e fitimit, t\u00eb gjith\u00eb me procedur\u00eb t\u00eb shkurtuar, Propozim ligji p\u00ebr avokatur\u00ebn dhe Propozim ligji p\u00ebr plot\u00ebsim t\u00eb Ligjit p\u00ebr material faror dhe mbjell\u00ebs p\u00ebr kulturat bujq\u00ebsore, t\u00eb gjith\u00eb n\u00eb lexim t\u00eb dyt\u00eb.<\/p>\n<p>\u00cbsht\u00eb caktuar edhe mbledhja e re, e 203-t\u00eb e k\u00ebtij Komisioni, nd\u00ebrsa n\u00eb rend dite jan\u00eb pes\u00eb interpretime autentike t\u00eb neneve t\u00eb ligjeve dhe at\u00eb t\u00eb nenit 117 paragrafi 4 nga Ligji p\u00ebr marr\u00ebdh\u00ebnie t\u00eb pun\u00ebs parashtruar nga deputetja Snezhana Kaleska Van\u00e7eva, neni 95 nga Ligji p\u00ebr nd\u00ebrtim parashtruar nga deputetja Vjollca Ademi, t\u00eb nenit 27 paragrafi 1 nga Ligji p\u00ebr sh\u00ebrbim gjyq\u00ebsor parashtruar nga deputetja Lolita Ristova, t\u00eb nenit 187 me nenin 161 paragraf\u00ebt 2 dhe 6 nga Ligji p\u00ebr arsim t\u00eb lart\u00eb parashtruar nga Nikolla Micevski dhe t\u00eb nenit 9, paragrafi 1, pika 7 nga Ligji p\u00ebr tatimin e fitimit parashtruar nga deputeti Jovan Mitrevski.<\/p>\n<div class=\"ai-viewport-1\" data-insertion-position=\"prepend\" data-selector=\".ai-insert-1-30117225\" data-insertion-no-dbg=\"\" data-code=\"PGRpdiBjbGFzcz0nY29kZS1ibG9jayBjb2RlLWJsb2NrLTEgY29kZS1ibG9jay1pbmFydGljbGUtZGVza3RvcCcgc3R5bGU9J21hcmdpbjogOHB4IGF1dG87IHRleHQtYWxpZ246IGNlbnRlcjsgZGlzcGxheTogYmxvY2s7IGNsZWFyOiBib3RoOyB3aWR0aDogMzAwcHg7IGhlaWdodDogNDIwcHg7IGJhY2tncm91bmQtY29sb3I6ICNmZmZmZmY7Jz4KPGRpdiBzdHlsZT0icG9zaXRpb246IHN0aWNreTsgdG9wOiAxNXB4OyI+CjxkaXYgY2xhc3M9ImNvZGUtYmxvY2stbGFiZWwiPlJla2xhbWE8L2Rpdj4KCjwhLS0gR1BUIEFkU2xvdCAxOCBmb3IgQWQgdW5pdCAnSW4tYXJ0aWNsZV9ib3hfMycgIyMjIFNpemU6IFtbMzAwLDI1MF0sWzEsMV1dIC0tPgo8ZGl2IGlkPSdpbmFydGljbGUzJz4KICA8c2NyaXB0PgogICAgZ29vZ2xldGFnLmNtZC5wdXNoKGZ1bmN0aW9uKCkgeyBnb29nbGV0YWcuZGlzcGxheSgnaW5hcnRpY2xlMycpOyB9KTsKICA8L3NjcmlwdD4KPC9kaXY+CjwhLS0gRW5kIEFkU2xvdCAxOCAtLT4KPC9kaXY+CjxkaXYgc3R5bGU9IiBoZWlnaHQ6IDM5MHB4OyI+PC9kaXY+CjwvZGl2Pgo=\" data-block=\"1\">\n<div class=\"code-block code-block-1 code-block-inarticle-desktop\">\n<div>\n<div class=\"code-block-label\">M\u00eb 1 shtator jan\u00eb caktuar dy mbledhje t\u00eb Komisionit p\u00ebr financim dhe buxhet n\u00eb rend dite t\u00eb t\u00eb cilit jan\u00eb raportet dhe raporti financiar i Agjencis\u00eb p\u00ebr supervizion t\u00eb sigurimeve.<\/div>\n<\/div>\n<\/div>\n<\/div>\n<p>Kryetari i Kuvendit, Talat Xhaferi, mbledhjen e re, t\u00eb 125-t\u00eb e caktoi p\u00ebr m\u00eb 5 shtator. N\u00eb rendin e propozuar t\u00eb dit\u00ebs tani p\u00ebr tani jan\u00eb 15 pika, mes t\u00eb cilave, Propozimi i deklarat\u00ebs me rastin e 120-vjetorit t\u00eb Kryengritjes s\u00eb Ilindenit dhe Republik\u00ebs s\u00eb Krushev\u00ebs dhe K\u00ebrkesa p\u00ebr dh\u00ebnie t\u00eb interpretimit autentik t\u00eb nenit 11 nga Ligji p\u00ebr rroga dhe kompensime t\u00eb tjera t\u00eb personave t\u00eb zgjedhur dhe t\u00eb em\u00ebruar n\u00eb Republik\u00eb, parashtruar nga deputeti Dimitar Apasiev.<\/p>\n","protected":false},"excerpt":{"rendered":"<p>Deputet\u00ebt e Kuvendit t\u00eb RMV-s\u00eb sot vazhdojn\u00eb pun\u00ebn. Pushimi i tyre i cili zyrtarisht filloi pas fest\u00ebs s\u00eb \u201cIlindenit\u201d ishte \u201cpauzuar\u201d vet\u00ebm p\u00ebr nj\u00eb dit\u00eb<\/p>\n","protected":false},"author":14,"featured_media":0,"comment_status":"open","ping_status":"open","sticky":false,"template":"","format":"standard","meta":{"footnotes":""},"categories":[44],"tags":[],"class_list":["post-15366","post","type-post","status-publish","format-standard","hentry","category-maqedoni"],"_links":{"self":[{"href":"https:\/\/indeks.bilten.mk\/index.php?rest_route=\/wp\/v2\/posts\/15366","targetHints":{"allow":["GET"]}}],"collection":[{"href":"https:\/\/indeks.bilten.mk\/index.php?rest_route=\/wp\/v2\/posts"}],"about":[{"href":"https:\/\/indeks.bilten.mk\/index.php?rest_route=\/wp\/v2\/types\/post"}],"author":[{"embeddable":true,"href":"https:\/\/indeks.bilten.mk\/index.php?rest_route=\/wp\/v2\/users\/14"}],"replies":[{"embeddable":true,"href":"https:\/\/indeks.bilten.mk\/index.php?rest_route=%2Fwp%2Fv2%2Fcomments&post=15366"}],"version-history":[{"count":0,"href":"https:\/\/indeks.bilten.mk\/index.php?rest_route=\/wp\/v2\/posts\/15366\/revisions"}],"wp:attachment":[{"href":"https:\/\/indeks.bilten.mk\/index.php?rest_route=%2Fwp%2Fv2%2Fmedia&parent=15366"}],"wp:term":[{"taxonomy":"category","embeddable":true,"href":"https:\/\/indeks.bilten.mk\/index.php?rest_route=%2Fwp%2Fv2%2Fcategories&post=15366"},{"taxonomy":"post_tag","embeddable":true,"href":"https:\/\/indeks.bilten.mk\/index.php?rest_route=%2Fwp%2Fv2%2Ftags&post=15366"}],"curies":[{"name":"wp","href":"https:\/\/api.w.org\/{rel}","templated":true}]}}