{"id":15368,"date":"2023-08-31T09:16:51","date_gmt":"2023-08-31T07:16:51","guid":{"rendered":"https:\/\/indeks.mk\/?p=15368"},"modified":"2023-08-31T09:16:51","modified_gmt":"2023-08-31T07:16:51","slug":"bekteshi-zhvillimi-ne-be-ndertohet-mbi-konkurrencen-dhe-mundesite-e-barabarta-per-te-gjithe","status":"publish","type":"post","link":"https:\/\/indeks.bilten.mk\/?p=15368","title":{"rendered":"Bekteshi: Zhvillimi n\u00eb BE nd\u00ebrtohet mbi konkurrenc\u00ebn dhe mund\u00ebsit\u00eb e barabarta p\u00ebr t\u00eb gjith\u00eb"},"content":{"rendered":"<p>N\u00eb tribun\u00ebn me tem\u00eb \u201cBE-ja p\u00ebr ekonomin\u00eb e Maqedonis\u00eb s\u00eb Veriut\u201d, me t\u00eb cil\u00ebn sonte n\u00eb Shkup filloi fushata \u201cNe jemi Evropa\u201d, ministri i Ekonomis\u00eb, Kreshnik Bekteshi u p\u00ebrq\u00ebndrua n\u00eb p\u00ebrfitimet nga an\u00ebtar\u00ebsimi n\u00eb Bashkimin Evropian, t\u00eb cilin ai e quajti &#8220;mrekulli ekonomike&#8221;.<\/p>\n<p>Kjo mrekulli ekonomike, si\u00e7 tha ai, nuk lejon q\u00eb 10 apo 20 individ\u00eb t\u00eb mbajn\u00eb ekonomin\u00eb e nj\u00eb vendi p\u00ebr 10, 20, as 40 vite. Individ\u00eb t\u00eb till\u00eb, tha ai, ka n\u00eb Rusi dhe vende t\u00eb tjera lindore, si dhe n\u00eb vendin ton\u00eb deri n\u00eb vitin 2017 p\u00ebrpara se t\u00eb ndryshoj\u00eb pushteti.<\/p>\n<p>T\u00eb rinjt\u00eb po largohen nga vendi, sepse me idet\u00eb e tyre, theksoi Bekteshi, nuk mund t\u00eb jen\u00eb konkurrues me 10 deri n\u00eb 15 oligark\u00ebt vendas, q\u00eb kan\u00eb mbetur t\u00eb pandryshuar q\u00eb nga viti 1991 deri sot dhe q\u00eb 30 vjet secili prej tyre mbulon m\u00eb shum\u00eb se 90 p\u00ebr qind t\u00eb tregut n\u00eb ndonj\u00eb sektor.<\/p>\n<p>Kjo i kthen t\u00eb rinjt\u00eb, ata hasin n\u00eb pamund\u00ebsi q\u00eb t\u00eb realizojn\u00eb vizionet dhe idet\u00eb e tyre dhe largohen nga vendi. Por Bashkimi Evropian, tha ministri, ka mekanizma dhe reforma q\u00eb jan\u00eb antimonopole.<\/p>\n<p>&#8220;Politikat e BE-s\u00eb japin t\u00eb njejt\u00ebn mund\u00ebsi, pa dallim p\u00ebr k\u00eb b\u00ebhet fjal\u00eb. N\u00eb BE zhvillimi nd\u00ebrtohet vet\u00ebm me konkurrenc\u00eb dhe me mund\u00ebsi t\u00eb barabarta p\u00ebr t\u00eb gjith\u00eb, nuk ka diskriminim ndaj asnj\u00eb qytetari. Kjo \u00ebsht\u00eb m\u00ebnyra p\u00ebr t\u00eb mbajtur t\u00eb rinjt\u00eb&#8221;, tha Bekteshi.<\/p>\n<p>Bllagica Petrevska nga &#8220;Finance Think&#8221; tha se aspektet ekonomike mund t\u00eb p\u00ebrmir\u00ebsohen me an\u00ebtar\u00ebsimin n\u00eb BE dhe se do t\u00eb parandalohet emigrimi i t\u00eb rinjve n\u00ebse ata kan\u00eb siguri dhe stabilitet.<\/p>\n","protected":false},"excerpt":{"rendered":"<p>N\u00eb tribun\u00ebn me tem\u00eb \u201cBE-ja p\u00ebr ekonomin\u00eb e Maqedonis\u00eb s\u00eb Veriut\u201d, me t\u00eb cil\u00ebn sonte n\u00eb Shkup filloi fushata \u201cNe jemi Evropa\u201d, ministri i Ekonomis\u00eb,<\/p>\n","protected":false},"author":14,"featured_media":0,"comment_status":"open","ping_status":"open","sticky":false,"template":"","format":"standard","meta":{"footnotes":""},"categories":[44],"tags":[],"class_list":["post-15368","post","type-post","status-publish","format-standard","hentry","category-maqedoni"],"_links":{"self":[{"href":"https:\/\/indeks.bilten.mk\/index.php?rest_route=\/wp\/v2\/posts\/15368","targetHints":{"allow":["GET"]}}],"collection":[{"href":"https:\/\/indeks.bilten.mk\/index.php?rest_route=\/wp\/v2\/posts"}],"about":[{"href":"https:\/\/indeks.bilten.mk\/index.php?rest_route=\/wp\/v2\/types\/post"}],"author":[{"embeddable":true,"href":"https:\/\/indeks.bilten.mk\/index.php?rest_route=\/wp\/v2\/users\/14"}],"replies":[{"embeddable":true,"href":"https:\/\/indeks.bilten.mk\/index.php?rest_route=%2Fwp%2Fv2%2Fcomments&post=15368"}],"version-history":[{"count":0,"href":"https:\/\/indeks.bilten.mk\/index.php?rest_route=\/wp\/v2\/posts\/15368\/revisions"}],"wp:attachment":[{"href":"https:\/\/indeks.bilten.mk\/index.php?rest_route=%2Fwp%2Fv2%2Fmedia&parent=15368"}],"wp:term":[{"taxonomy":"category","embeddable":true,"href":"https:\/\/indeks.bilten.mk\/index.php?rest_route=%2Fwp%2Fv2%2Fcategories&post=15368"},{"taxonomy":"post_tag","embeddable":true,"href":"https:\/\/indeks.bilten.mk\/index.php?rest_route=%2Fwp%2Fv2%2Ftags&post=15368"}],"curies":[{"name":"wp","href":"https:\/\/api.w.org\/{rel}","templated":true}]}}