{"id":15371,"date":"2023-08-31T10:30:13","date_gmt":"2023-08-31T08:30:13","guid":{"rendered":"https:\/\/indeks.mk\/?p=15371"},"modified":"2023-08-31T10:30:14","modified_gmt":"2023-08-31T08:30:14","slug":"lsdm-anetaresimi-ne-be-hap-rrugen-per-rritje-ekonomike-dhe-permiresim-te-standardit-te-jeteses","status":"publish","type":"post","link":"https:\/\/indeks.bilten.mk\/?p=15371","title":{"rendered":"LSDM: An\u00ebtar\u00ebsimi n\u00eb BE hap rrug\u00ebn p\u00ebr rritje ekonomike dhe p\u00ebrmir\u00ebsim t\u00eb standardit t\u00eb jetes\u00ebs"},"content":{"rendered":"<p>N\u00eb nj\u00eb deklarat\u00eb t\u00eb fundit, LSDM-ja thekson potencialin transformues t\u00eb an\u00ebtar\u00ebsimit n\u00eb BE p\u00ebr ekonomin\u00eb e vendit. Nga LSDM thon\u00eb se an\u00ebtar\u00ebsimi n\u00eb BE do ta integronte vendin n\u00eb nj\u00eb superfuqi tregtare q\u00eb p\u00ebrfaq\u00ebson 16% t\u00eb ekonomis\u00eb globale, duke gjeneruar eksporte me vler\u00eb 2.18 trilion euro.<\/p>\n<p>\u201cTregu i vet\u00ebm i BE-s\u00eb, me 500 milion\u00eb konsumator\u00eb, nxit nj\u00eb rritje t\u00eb q\u00ebndrueshme p\u00ebr vendet an\u00ebtare, nj\u00eb arritje e paarritshme individualisht. Raportet tregojn\u00eb se integrimi i plot\u00eb i tregut ka forcuar shit\u00ebsin Bruto Prodhimin t\u00eb BE-s\u00eb me 9%, q\u00eb p\u00ebrkthehet n\u00eb rreth 850 euro t\u00eb ardhura vjetore t\u00eb shtuara\u201d.<\/p>\n<p>\u201cP\u00ebrvoja nga an\u00ebtar\u00ebt ekzistues t\u00eb BE-s\u00eb n\u00ebnvizon ndikimin pozitiv t\u00eb unionit n\u00eb prosperitet dhe standartit t\u00eb jetes\u00ebs. Gjat\u00eb 30 viteve t\u00eb fundit, vendi ka p\u00ebrfituar mbi 3.3 miliard\u00eb euro n\u00eb mb\u00ebshtetje t\u00eb BE-s\u00eb, duke rritur investimet, pagat, pun\u00ebsimin dhe uljen e papun\u00ebsis\u00eb\u201d, thon\u00eb nga LSDM.<\/p>\n<div class=\"ai-viewport-1\" data-insertion-position=\"prepend\" data-selector=\".ai-insert-1-94251742\" data-insertion-no-dbg=\"\" data-code=\"PGRpdiBjbGFzcz0nY29kZS1ibG9jayBjb2RlLWJsb2NrLTEgY29kZS1ibG9jay1pbmFydGljbGUtZGVza3RvcCcgc3R5bGU9J21hcmdpbjogOHB4IGF1dG87IHRleHQtYWxpZ246IGNlbnRlcjsgZGlzcGxheTogYmxvY2s7IGNsZWFyOiBib3RoOyB3aWR0aDogMzAwcHg7IGhlaWdodDogNDIwcHg7IGJhY2tncm91bmQtY29sb3I6ICNmZmZmZmY7Jz4KPGRpdiBzdHlsZT0icG9zaXRpb246IHN0aWNreTsgdG9wOiAxNXB4OyI+CjxkaXYgY2xhc3M9ImNvZGUtYmxvY2stbGFiZWwiPlJla2xhbWE8L2Rpdj4KPCEtLSBHUFQgQWRTbG90IDE3IGZvciBBZCB1bml0ICdJbi1hcnRpY2xlX2JveF8yJyAjIyMgU2l6ZTogW1szMDAsMjUwXSxbMSwxXV0tLT4KPGRpdiBpZD0naW5hcnRpY2xlMic+CiAgPHNjcmlwdD4KICAgIGdvb2dsZXRhZy5jbWQucHVzaChmdW5jdGlvbigpIHsgZ29vZ2xldGFnLmRpc3BsYXkoJ2luYXJ0aWNsZTInKTsgfSk7CiAgPC9zY3JpcHQ+CjwvZGl2Pgo8IS0tIEVuZCBBZFNsb3QgMTcgLS0+CjwvZGl2Pgo8ZGl2IHN0eWxlPSIgaGVpZ2h0OiAzOTBweDsiPjwvZGl2Pgo8L2Rpdj4K\" data-block=\"1\">\n<div class=\"code-block code-block-1 code-block-inarticle-desktop\">\n<div>\n<div class=\"code-block-label\">Nga kjo parti akuzojn\u00eb opozit\u00ebn se e rrezikojn\u00eb rrug\u00ebn e RMV-s\u00eb p\u00ebr n\u00eb BE.<\/div>\n<\/div>\n<\/div>\n<\/div>\n<p>\u201cKund\u00ebrshtimi i Hristian Mickoskit dhe VMRO-DPMNE-s\u00eb s\u00eb k\u00ebrc\u00ebnon k\u00ebt\u00eb rrug\u00eb p\u00ebrpara. Pavar\u00ebsisht mb\u00ebshtetjes prej 80% t\u00eb qytetar\u00ebve p\u00ebr an\u00ebtar\u00ebsimin n\u00eb BE, p\u00ebrpjekjet e tyre rrezikojn\u00eb t\u00eb pengojn\u00eb p\u00ebrparimin. LSDM b\u00ebn thirrje p\u00ebr unitet dhe mposhtje t\u00eb k\u00ebtyre bllokadave p\u00ebr t\u00eb siguruar trajektoren e vazhdueshme pozitive t\u00eb kombit\u201d, thon\u00eb nga LSDM.<\/p>\n","protected":false},"excerpt":{"rendered":"<p>N\u00eb nj\u00eb deklarat\u00eb t\u00eb fundit, LSDM-ja thekson potencialin transformues t\u00eb an\u00ebtar\u00ebsimit n\u00eb BE p\u00ebr ekonomin\u00eb e vendit. Nga LSDM thon\u00eb se an\u00ebtar\u00ebsimi n\u00eb BE do<\/p>\n","protected":false},"author":14,"featured_media":0,"comment_status":"open","ping_status":"open","sticky":false,"template":"","format":"standard","meta":{"footnotes":""},"categories":[44],"tags":[],"class_list":["post-15371","post","type-post","status-publish","format-standard","hentry","category-maqedoni"],"_links":{"self":[{"href":"https:\/\/indeks.bilten.mk\/index.php?rest_route=\/wp\/v2\/posts\/15371","targetHints":{"allow":["GET"]}}],"collection":[{"href":"https:\/\/indeks.bilten.mk\/index.php?rest_route=\/wp\/v2\/posts"}],"about":[{"href":"https:\/\/indeks.bilten.mk\/index.php?rest_route=\/wp\/v2\/types\/post"}],"author":[{"embeddable":true,"href":"https:\/\/indeks.bilten.mk\/index.php?rest_route=\/wp\/v2\/users\/14"}],"replies":[{"embeddable":true,"href":"https:\/\/indeks.bilten.mk\/index.php?rest_route=%2Fwp%2Fv2%2Fcomments&post=15371"}],"version-history":[{"count":0,"href":"https:\/\/indeks.bilten.mk\/index.php?rest_route=\/wp\/v2\/posts\/15371\/revisions"}],"wp:attachment":[{"href":"https:\/\/indeks.bilten.mk\/index.php?rest_route=%2Fwp%2Fv2%2Fmedia&parent=15371"}],"wp:term":[{"taxonomy":"category","embeddable":true,"href":"https:\/\/indeks.bilten.mk\/index.php?rest_route=%2Fwp%2Fv2%2Fcategories&post=15371"},{"taxonomy":"post_tag","embeddable":true,"href":"https:\/\/indeks.bilten.mk\/index.php?rest_route=%2Fwp%2Fv2%2Ftags&post=15371"}],"curies":[{"name":"wp","href":"https:\/\/api.w.org\/{rel}","templated":true}]}}