{"id":15373,"date":"2023-08-31T10:33:36","date_gmt":"2023-08-31T08:33:36","guid":{"rendered":"https:\/\/indeks.mk\/?p=15373"},"modified":"2023-08-31T10:33:36","modified_gmt":"2023-08-31T08:33:36","slug":"bullgarja-qe-e-ben-shqiponjen-me-duar-thote-fjale-te-medha-per-shqiptaret-video","status":"publish","type":"post","link":"https:\/\/indeks.bilten.mk\/?p=15373","title":{"rendered":"Bullgarja q\u00eb e b\u00ebn shqiponj\u00ebn me duar, thot\u00eb fjal\u00eb t\u00eb m\u00ebdha p\u00ebr shqiptar\u00ebt (VIDEO)"},"content":{"rendered":"<p>Emisioni veror i ATV-s\u00eb, \u201cn\u2019mal An\u2019det\u201d, vazhdon t\u00eb sjell\u00eb p\u00ebr shikuesit arg\u00ebtim, intervista dhe eksplorim kulturor.<\/p>\n<p>N\u00eb k\u00ebt\u00eb emision, vend t\u00eb ve\u00e7ant\u00eb z\u00ebn\u00eb m\u00ebrgimtar\u00ebt, t\u00eb cil\u00ebt b\u00ebjn\u00eb rr\u00ebfimet e tyre t\u00eb ndryshme n\u00ebp\u00ebr t\u00eb cilat kan\u00eb kaluar.<\/p>\n<p>N\u00eb emisionin e mbr\u00ebmsh\u00ebm, n\u00eb studio ishte i ftuar nj\u00eb mysafir i ve\u00e7ant\u00eb. B\u00ebhet fjal\u00eb p\u00ebr nj\u00eb bullgare me emrin Dobi Trendafilova, e cila ka shprehur interesim p\u00ebr ta m\u00ebsuar gjuh\u00ebn shqipe.<\/p>\n<p>Ajo thot\u00eb se edhe pse shqipja \u00ebsht\u00eb e v\u00ebshtir\u00eb p\u00ebr ta m\u00ebsuar si gjuh\u00eb t\u00eb huaj, asaj i p\u00eblqen shum\u00eb sepse ting\u00ebllon shum\u00eb bukur.<\/p>\n<p>\u201cP\u00ebr t\u00eb qen\u00eb i sinqert\u00eb, po, vet\u00ebm sepse \u00ebsht\u00eb kaq e ndryshme nga gjith\u00e7ka tjet\u00ebr. P\u00ebr shembull, bullgarishtja \u00ebsht\u00eb nj\u00eb gjuh\u00eb sllave. Ju mund t\u00eb kuptoni shum\u00eb gjuh\u00eb t\u00eb tjera n\u00ebse dini bullgarisht, por shqipja \u00ebsht\u00eb kaq e ndryshme, ve\u00e7an\u00ebrisht shqiptimi, ting\u00ebllon kaq ndryshe, por ting\u00ebllon shum\u00eb bukur t\u00eb them t\u00eb drejt\u00ebn\u201d, thot\u00eb Dobi.<br \/>\nAjo tregon se edhe shoq\u00ebris\u00eb s\u00eb saj i ka folur shum\u00eb p\u00ebr Shqip\u00ebrin\u00eb dhe Kosov\u00ebn, madje shpesh sa her\u00eb b\u00ebjn\u00eb foto, e b\u00ebjn\u00eb shqiponj\u00ebn me duar.<\/p>\n<p>\u201cMe shoqet e mia, ne shkojm\u00eb gjithmon\u00eb n\u00eb pushime dhe gjithmon\u00eb u them \u2018hajde shkojm\u00eb n\u00eb Shqip\u00ebri, shkojm\u00eb n\u00eb Shqip\u00ebri, por nuk kam arritur t\u2019i bind akoma, ende pse ato tashm\u00eb e p\u00eblqejn\u00eb Shqip\u00ebrin\u00eb, sepse i kam prezantuar. Kosova sigurisht dhe po un\u00eb fillova ta bej k\u00ebt\u00eb (shqiponj\u00ebn me duar) dhe tani me t\u00eb gjith\u00eb miqt\u00eb e mi, kur b\u00ebjm\u00eb foto, thjesht e b\u00ebjm\u00eb edhe ket\u00eb (shqiponj\u00ebn me duar). Historia \u00ebsht\u00eb v\u00ebrtet\u00eb interesante\u201d, tregon Dobi.<\/p>\n<p><iframe loading=\"lazy\" width=\"673\" height=\"379\" src=\"https:\/\/www.youtube.com\/embed\/yrG3FqdFrVQ\" title=\"&quot;N\u00eb Kosov\u00eb m\u00eb p\u00eblqen muzika sepse Kosova ka artist\u00eb t\u00eb m\u00ebdhej si Dua Lipa e Rita Ora&quot;\" frameborder=\"0\" allow=\"accelerometer; autoplay; clipboard-write; encrypted-media; gyroscope; picture-in-picture; web-share\" allowfullscreen><\/iframe><\/p>\n","protected":false},"excerpt":{"rendered":"<p>Emisioni veror i ATV-s\u00eb, \u201cn\u2019mal An\u2019det\u201d, vazhdon t\u00eb sjell\u00eb p\u00ebr shikuesit arg\u00ebtim, intervista dhe eksplorim kulturor. N\u00eb k\u00ebt\u00eb emision, vend t\u00eb ve\u00e7ant\u00eb z\u00ebn\u00eb m\u00ebrgimtar\u00ebt, t\u00eb<\/p>\n","protected":false},"author":14,"featured_media":0,"comment_status":"open","ping_status":"open","sticky":false,"template":"","format":"standard","meta":{"footnotes":""},"categories":[54],"tags":[],"class_list":["post-15373","post","type-post","status-publish","format-standard","hentry","category-indeks"],"_links":{"self":[{"href":"https:\/\/indeks.bilten.mk\/index.php?rest_route=\/wp\/v2\/posts\/15373","targetHints":{"allow":["GET"]}}],"collection":[{"href":"https:\/\/indeks.bilten.mk\/index.php?rest_route=\/wp\/v2\/posts"}],"about":[{"href":"https:\/\/indeks.bilten.mk\/index.php?rest_route=\/wp\/v2\/types\/post"}],"author":[{"embeddable":true,"href":"https:\/\/indeks.bilten.mk\/index.php?rest_route=\/wp\/v2\/users\/14"}],"replies":[{"embeddable":true,"href":"https:\/\/indeks.bilten.mk\/index.php?rest_route=%2Fwp%2Fv2%2Fcomments&post=15373"}],"version-history":[{"count":0,"href":"https:\/\/indeks.bilten.mk\/index.php?rest_route=\/wp\/v2\/posts\/15373\/revisions"}],"wp:attachment":[{"href":"https:\/\/indeks.bilten.mk\/index.php?rest_route=%2Fwp%2Fv2%2Fmedia&parent=15373"}],"wp:term":[{"taxonomy":"category","embeddable":true,"href":"https:\/\/indeks.bilten.mk\/index.php?rest_route=%2Fwp%2Fv2%2Fcategories&post=15373"},{"taxonomy":"post_tag","embeddable":true,"href":"https:\/\/indeks.bilten.mk\/index.php?rest_route=%2Fwp%2Fv2%2Ftags&post=15373"}],"curies":[{"name":"wp","href":"https:\/\/api.w.org\/{rel}","templated":true}]}}