{"id":15377,"date":"2023-08-31T10:40:20","date_gmt":"2023-08-31T08:40:20","guid":{"rendered":"https:\/\/indeks.mk\/?p=15377"},"modified":"2023-08-31T10:40:20","modified_gmt":"2023-08-31T08:40:20","slug":"ish-kryeministri-po-lufton-me-jeten-ne-spital-rama-lutem-per-fatos-nanon","status":"publish","type":"post","link":"https:\/\/indeks.bilten.mk\/?p=15377","title":{"rendered":"Ish kryeministri po lufton me jet\u00ebn n\u00eb spital, Rama: Lutem p\u00ebr Fatos Nanon"},"content":{"rendered":"<p>Kryeministri Edi Rama ka b\u00ebr\u00eb me dije se ish-kryeministri Fatos Nano po lufton me jet\u00ebn n\u00eb spital.<\/p>\n<p>Krahas mesazhit, Rama zbulon se i ka akodruar ish-kryeministrit Fatos Nano, &#8220;Kordonin e Madh me Yll t\u00eb Mir\u00ebnjohjes Publike&#8221; p\u00ebr kontributin e shquar n\u00eb nd\u00ebrtimin e shtetit kushtetues dhe demokratik n\u00eb Shqip\u00ebri.<\/p>\n<p>M\u00eb tej, n\u00eb postimin e tij Rama shkruan se Nano meriton lutjet dhe mir\u00ebnjohjen p\u00ebr gjith\u00e7ka t\u00eb mir\u00eb q\u00eb i dha vendit dhe shoq\u00ebris\u00eb n\u00eb rolet e r\u00ebnda q\u00eb pati gjat\u00eb karrier\u00ebs s\u00eb tij.<\/p>\n<p>&#8220;LUTEM P\u00cbR FATOS NANON<\/p>\n<p>N\u00eb k\u00ebto or\u00eb t\u00eb v\u00ebshtira t\u00eb luft\u00ebs p\u00ebr jet\u00ebn, lideri historik i Partis\u00eb Socialiste dhe njeriu q\u00eb vuajtjen e padrejt\u00eb t\u00eb heqjes s\u00eb liris\u00eb e ktheu n\u00eb burimin e nj\u00eb fryme liberale n\u00eb udh\u00ebheqje, n\u00eb nj\u00eb koh\u00eb kur Shqip\u00ebria p\u00ebrballej me sh\u00ebmtin\u00eb e eg\u00ebr t\u00eb nj\u00eb konflikti politik t\u00eb nxitur nga shpirti i hakmarrjes, padijes, err\u00ebsir\u00ebs dhe me eg\u00ebrsin\u00eb e pakufishme t\u00eb nj\u00eb kap\u00ebrcimi t\u00eb madh historik, nga izolimi i tejskajsh\u00ebm komunist drejt demokracis\u00eb si sprov\u00eb e tejmundimshme, n\u00eb nj\u00eb tok\u00eb t\u00eb djegur prej zjarrit e hekurit t\u00eb perandorive e regjimeve q\u00eb pasuan nj\u00ebri-tjetrin qysh prej pavar\u00ebsimit t\u00eb Shqip\u00ebris\u00eb, ku nuk u rrit dot kurr\u00eb shtati institucional i shtetit e ku liria e ardhur me furin\u00eb e zem\u00ebrat\u00ebs popullore solli bashk\u00eb me drit\u00ebn e s\u00eb ardhmes edhe plag\u00ebt e tmerrshme t\u00eb shkat\u00ebrrimit t\u00eb shum\u00eb\u00e7kaje n\u00eb em\u00ebr t\u00eb luft\u00ebs p\u00ebr demokraci, meriton sot lutjet tona dhe mir\u00ebnjohjen ton\u00eb p\u00ebr gjith\u00e7ka t\u00eb mir\u00eb mundi t\u2018i jap\u00eb vendit dhe shoq\u00ebris\u00eb n\u00eb rolet e r\u00ebnda q\u00eb pati gjat\u00eb karrier\u00ebs s\u00eb tij me t\u00eb p\u00ebrpjeta e t\u00eb tat\u00ebpjeta t\u00eb mundimshme&#8221;, shkruan Rama.\/ CNA<\/p>\n<p><iframe loading=\"lazy\" src=\"https:\/\/www.facebook.com\/plugins\/post.php?href=https%3A%2F%2Fwww.facebook.com%2Fediramaal%2Fposts%2Fpfbid02dkZBGy1oRWvDnxy67LzjBbgQFr3GwpawvTw88uczg4uQeK1mKdZAe1gEunXUUcz8l&#038;show_text=true&#038;width=500\" width=\"500\" height=\"787\" style=\"border:none;overflow:hidden\" scrolling=\"no\" frameborder=\"0\" allowfullscreen=\"true\" allow=\"autoplay; clipboard-write; encrypted-media; picture-in-picture; web-share\"><\/iframe><\/p>\n","protected":false},"excerpt":{"rendered":"<p>Kryeministri Edi Rama ka b\u00ebr\u00eb me dije se ish-kryeministri Fatos Nano po lufton me jet\u00ebn n\u00eb spital. Krahas mesazhit, Rama zbulon se i ka akodruar<\/p>\n","protected":false},"author":14,"featured_media":0,"comment_status":"open","ping_status":"open","sticky":false,"template":"","format":"standard","meta":{"footnotes":""},"categories":[45],"tags":[],"class_list":["post-15377","post","type-post","status-publish","format-standard","hentry","category-rajoni"],"_links":{"self":[{"href":"https:\/\/indeks.bilten.mk\/index.php?rest_route=\/wp\/v2\/posts\/15377","targetHints":{"allow":["GET"]}}],"collection":[{"href":"https:\/\/indeks.bilten.mk\/index.php?rest_route=\/wp\/v2\/posts"}],"about":[{"href":"https:\/\/indeks.bilten.mk\/index.php?rest_route=\/wp\/v2\/types\/post"}],"author":[{"embeddable":true,"href":"https:\/\/indeks.bilten.mk\/index.php?rest_route=\/wp\/v2\/users\/14"}],"replies":[{"embeddable":true,"href":"https:\/\/indeks.bilten.mk\/index.php?rest_route=%2Fwp%2Fv2%2Fcomments&post=15377"}],"version-history":[{"count":0,"href":"https:\/\/indeks.bilten.mk\/index.php?rest_route=\/wp\/v2\/posts\/15377\/revisions"}],"wp:attachment":[{"href":"https:\/\/indeks.bilten.mk\/index.php?rest_route=%2Fwp%2Fv2%2Fmedia&parent=15377"}],"wp:term":[{"taxonomy":"category","embeddable":true,"href":"https:\/\/indeks.bilten.mk\/index.php?rest_route=%2Fwp%2Fv2%2Fcategories&post=15377"},{"taxonomy":"post_tag","embeddable":true,"href":"https:\/\/indeks.bilten.mk\/index.php?rest_route=%2Fwp%2Fv2%2Ftags&post=15377"}],"curies":[{"name":"wp","href":"https:\/\/api.w.org\/{rel}","templated":true}]}}