{"id":15384,"date":"2023-08-31T11:23:21","date_gmt":"2023-08-31T09:23:21","guid":{"rendered":"https:\/\/indeks.mk\/?p=15384"},"modified":"2023-08-31T11:23:21","modified_gmt":"2023-08-31T09:23:21","slug":"drashkoviq-vuciq-po-na-kthen-ne-kohen-e-millosheviqit","status":"publish","type":"post","link":"https:\/\/indeks.bilten.mk\/?p=15384","title":{"rendered":"Drashkoviq: Vu\u00e7iq po na kthen n\u00eb koh\u00ebn e Millosheviqit"},"content":{"rendered":"<p>Kryetari i L\u00ebvizjes p\u00ebr Rip\u00ebrt\u00ebritje Serbe dhe ish-shefi i diplomacis\u00eb Vuk Drashkoviq tha sot se propozimi i rezolut\u00ebs s\u00eb L\u00ebvizjes Socialiste t\u00eb Aleksandar Vulinit p\u00ebr an\u00ebtar\u00ebsimin e Serbis\u00eb n\u00eb BRICS \u00ebsht\u00eb marr\u00ebzi q\u00eb as nuk duhet t\u00eb merret parasysh.<\/p>\n<p>Drashkoviq tha p\u00ebr agjencin\u00eb Beta se e vetmja rrug\u00eb e arsyeshme p\u00ebr Serbin\u00eb \u00ebsht\u00eb ajo evropiane.<\/p>\n<p>\u201cAjo rezolut\u00eb \u00ebsht\u00eb e pakuptimt\u00eb q\u00eb as nuk duhet t\u00eb merret parasysh. Q\u00eb nga themelimi e deri m\u00eb sot, SPO \u00ebsht\u00eb p\u00ebr Serbin\u00eb n\u00eb Evrop\u00eb dhe Evrop\u00ebn n\u00eb Serbi. Kjo \u00ebsht\u00eb m\u00ebnyra e vetme e arsyeshme\u201d, tha ai.Ai theksoi se paraqit\u00ebsi i rezolut\u00ebs \u00ebsht\u00eb nj\u00eb p\u00ebrfaq\u00ebsues \u201cfanatik\u201d i politik\u00ebs s\u00eb Sllobodan Millosheviqit dhe Mirjana Markoviqit n\u00eb vitet e n\u00ebnt\u00ebdhjeta \u201ct\u00eb tmerrshme\u201d t\u00eb shekullit t\u00eb kaluar, \u201cdhe sot ai \u00ebsht\u00eb njeriu m\u00eb besnik n\u00eb Serbi ndaj regjimit n\u00eb Kremlin\u201d.<\/p>\n<p>\u201cDuke paraqitur k\u00ebt\u00eb rezolut\u00eb t\u00eb \u00e7mendur, ai p\u00ebrdor t\u00eb v\u00ebrtet\u00ebn tragjike se sot p\u00ebr shumic\u00ebn d\u00ebrrmuese t\u00eb serb\u00ebve n\u00eb Serbi, Republika Srpska dhe Mali i Zi, vendet e aleanc\u00ebs s\u00eb NATO-s dhe Bashkimit Evropian, i gjith\u00eb \u2018Per\u00ebndimi kolektiv\u2019 jan\u00eb armiqt\u00eb e popullit serb, nd\u00ebrsa jan\u00eb miq dhe mbrojt\u00ebs t\u00eb serb\u00ebve Rusia, Kina, Koreja e Veriut, Irani, Siria, Venezuela, diktaturat afrikane n\u00ebn komand\u00ebn e Wagnerit\u201d, tha Drashkoviq.Ai shtoi se propozimi i L\u00ebvizjes Socialiste \u00ebsht\u00eb pasoj\u00eb e \u201chipnotizimit\u201d afatgjat\u00eb t\u00eb serb\u00ebve nga fushata dhe veprimet e udbashe, t\u00eb Kish\u00ebs Ortodokse Serbe, shum\u00eb akademik\u00ebve dhe an\u00ebtar\u00ebve, si\u00e7 tha ai, t\u00eb ashtuquajtur\u00ebs elit\u00eb komb\u00ebtare dhe pothuajse t\u00eb gjitha mediat.<\/p>\n<p>\u201cZyrtarisht Serbia \u00ebsht\u00eb \u2018n\u00eb rrug\u00ebn e an\u00ebtar\u00ebsimit n\u00eb BE\u2019. N\u00eb k\u00ebt\u00eb rrug\u00eb BE-ja dhe Per\u00ebndimi p\u00ebrdoren si bankomat p\u00ebr investime dhe donacione dhe po b\u00ebhet nj\u00eb luft\u00eb propagandistike kund\u00ebr BE-s\u00eb dhe Per\u00ebndimit, edhe m\u00eb ashp\u00ebr dhe m\u00eb primitive se junta agresore n\u00eb Kremlin\u201d, p\u00ebrfundoi Drashkoviq.M\u00eb 28 gusht, deputet\u00ebt e L\u00ebvizjes Socialiste, partia e themeluar nga Aleksandar Vulin, paraqit\u00ebn nj\u00eb propozim p\u00ebr nj\u00eb rezolut\u00eb p\u00ebr an\u00ebtar\u00ebsimin e Serbis\u00eb n\u00eb BRICS.<\/p>\n<p>\u201cT\u00eb vet\u00ebdijsh\u00ebm p\u00ebr faktin se bota n\u00eb t\u00eb cil\u00ebn jetojm\u00eb po ndryshon n\u00eb m\u00ebnyr\u00eb t\u00eb pakthyeshme, ne shprehim nevoj\u00ebn p\u00ebr hapjen e nj\u00eb dialogu t\u00eb gjer\u00eb social para publikut t\u00eb Republik\u00ebs s\u00eb Serbis\u00eb p\u00ebr faktin e padiskutuesh\u00ebm se rruga evropiane e Serbis\u00eb ka nj\u00eb alternativ\u00eb t\u00eb qart\u00eb t\u00eb mish\u00ebruar n\u00eb procesin e an\u00ebtar\u00ebsimi n\u00eb organizat\u00ebn BRICS, si procesi m\u00eb aktual integrues ekonomiko-politik global\u201d, thuhet n\u00eb propozimin e dor\u00ebzuar n\u00eb Kuvendin e Serbis\u00eb.Deputet\u00ebt e L\u00ebvizjes Socialiste vler\u00ebsuan se bota \u00ebsht\u00eb b\u00ebr\u00eb s\u00ebrish multipolare pas tre dekadash, \u201cme fundin gjithnj\u00eb e m\u00eb t\u00eb duksh\u00ebm t\u00eb hegjemonis\u00eb politike t\u00eb Per\u00ebndimit kolektiv\u201d.<\/p>\n<p>\u201cMungesa e dialogut t\u00eb hapur social, imponimi i integrimit n\u00eb BE si zgjidhje e gatshme dhe e vetmja rrug\u00eb, s\u00eb bashku me hipokrizin\u00eb e administrat\u00ebs s\u00eb Brukselit, shantazhet e vazhdueshme politike dhe k\u00ebrkes\u00ebn p\u00ebr heqjen dor\u00eb nga nj\u00eb pjes\u00eb e territorit shtet\u00ebror, \u00e7uan p\u00ebr faktin se qytetar\u00ebt e Serbis\u00eb m\u00eb n\u00eb fund e kuptuan masivisht se ishin viktima t\u00eb nj\u00eb manipulimi t\u00eb mir\u00ebmenduar t\u00eb kolektivit t\u00eb per\u00ebndimit. Rezultati i gjith\u00eb k\u00ebsaj \u00ebsht\u00eb fakti se af\u00ebr dy t\u00eb tretat e qytetar\u00ebve e kan\u00eb perceptuar an\u00ebtar\u00ebsimin e Serbis\u00eb n\u00eb BRICS si nj\u00eb opsion integrues m\u00eb t\u00eb mir\u00eb dhe m\u00eb t\u00eb pranuesh\u00ebm, i cili n\u00eb afat t\u00eb gjat\u00eb ofron perspektiva m\u00eb t\u00eb mira p\u00ebr zhvillim m\u00eb t\u00eb shpejt\u00eb dhe m\u00eb t\u00eb mir\u00eb ekonomik\u201d, tha L\u00ebvizja Socialiste, themeluesi i s\u00eb cil\u00ebs ishte Aleksandar Vulin.<\/p>\n<p>BRICS \u00ebsht\u00eb nj\u00eb grupim i ekonomive bot\u00ebrore t\u00eb Brazilit, Rusis\u00eb, Indis\u00eb, Kin\u00ebs dhe Afrik\u00ebs s\u00eb Jugut, i formuar nga shtimi i Afrik\u00ebs s\u00eb Jugut n\u00eb vitin 2010 n\u00eb paraardh\u00ebsin BRIC. Akronimi origjinal \u201cBRIC\u201d, ose \u201cBRICs\u201d, u krijua n\u00eb 2001 nga ekonomisti i Goldman Sachs, Jim O\u2019Neill p\u00ebr t\u00eb p\u00ebrshkruar ekonomit\u00eb me rritje t\u00eb shpejt\u00eb q\u00eb ai parashikoi se do t\u00eb dominonin kolektivisht ekonomin\u00eb globale deri n\u00eb vitin 2050.<\/p>\n","protected":false},"excerpt":{"rendered":"<p>Kryetari i L\u00ebvizjes p\u00ebr Rip\u00ebrt\u00ebritje Serbe dhe ish-shefi i diplomacis\u00eb Vuk Drashkoviq tha sot se propozimi i rezolut\u00ebs s\u00eb L\u00ebvizjes Socialiste t\u00eb Aleksandar Vulinit p\u00ebr<\/p>\n","protected":false},"author":14,"featured_media":0,"comment_status":"open","ping_status":"open","sticky":false,"template":"","format":"standard","meta":{"footnotes":""},"categories":[45],"tags":[],"class_list":["post-15384","post","type-post","status-publish","format-standard","hentry","category-rajoni"],"_links":{"self":[{"href":"https:\/\/indeks.bilten.mk\/index.php?rest_route=\/wp\/v2\/posts\/15384","targetHints":{"allow":["GET"]}}],"collection":[{"href":"https:\/\/indeks.bilten.mk\/index.php?rest_route=\/wp\/v2\/posts"}],"about":[{"href":"https:\/\/indeks.bilten.mk\/index.php?rest_route=\/wp\/v2\/types\/post"}],"author":[{"embeddable":true,"href":"https:\/\/indeks.bilten.mk\/index.php?rest_route=\/wp\/v2\/users\/14"}],"replies":[{"embeddable":true,"href":"https:\/\/indeks.bilten.mk\/index.php?rest_route=%2Fwp%2Fv2%2Fcomments&post=15384"}],"version-history":[{"count":0,"href":"https:\/\/indeks.bilten.mk\/index.php?rest_route=\/wp\/v2\/posts\/15384\/revisions"}],"wp:attachment":[{"href":"https:\/\/indeks.bilten.mk\/index.php?rest_route=%2Fwp%2Fv2%2Fmedia&parent=15384"}],"wp:term":[{"taxonomy":"category","embeddable":true,"href":"https:\/\/indeks.bilten.mk\/index.php?rest_route=%2Fwp%2Fv2%2Fcategories&post=15384"},{"taxonomy":"post_tag","embeddable":true,"href":"https:\/\/indeks.bilten.mk\/index.php?rest_route=%2Fwp%2Fv2%2Ftags&post=15384"}],"curies":[{"name":"wp","href":"https:\/\/api.w.org\/{rel}","templated":true}]}}