{"id":15387,"date":"2023-08-31T11:31:07","date_gmt":"2023-08-31T09:31:07","guid":{"rendered":"https:\/\/indeks.mk\/?p=15387"},"modified":"2023-08-31T11:31:43","modified_gmt":"2023-08-31T09:31:43","slug":"burgu-im-qenka-nje-vrime-jakup-krasniqi-prek-me-vargjet-e-shkruara-nga-burgu","status":"publish","type":"post","link":"https:\/\/indeks.bilten.mk\/?p=15387","title":{"rendered":"\u201cBurgu im qenka nj\u00eb vrim\u00eb\u2026\u201d \u2013 Jakup Krasniqi prek me vargjet e shkruara nga burgu&#8230;"},"content":{"rendered":"<p>Ish-kryetari i Kuvendit, Jakup Krasniqi vazhdon t\u00eb jet\u00eb ende n\u00eb paraburgim n\u00eb Hag\u00eb, pas aktakuz\u00ebs s\u00eb ngritur nga Gjykata Speciale dhe fillimit t\u00eb gjykimit ndaj tij dhe ish-krer\u00ebve t\u00eb tjer\u00eb t\u00eb U\u00c7K-s\u00eb.<\/p>\n<p>E p\u00ebr kalimin e dit\u00ebve n\u00eb qelin\u00eb e burgut, Krasniqi ka vendosur q\u00eb t\u00eb shkruaj vargje poetike.<\/p>\n<p>S\u00eb fundmi ai shkruar disa vargje p\u00ebr jet\u00ebn dhe gjendjen e tij n\u00eb at\u00eb qeli.<\/p>\n<p>K\u00ebto vargje i ka publikuar vajza e tij, Gres\u00eb Krasniqi.<\/p>\n<p>\u201cBurgu im qenka nj\u00eb vrim\u00eb. Qiell e diell i shoh cop\u00eb-cop\u00eb. Aty ku bie e zgjohem p\u00ebrdit\u00eb. P\u00ebr mua \u00ebsht\u00eb vet\u00ebm nj\u00eb grop\u00eb. Ve\u00e7mas p\u00ebr k\u00ebt\u00eb mosh\u00eb\u201d, jan\u00eb vargjet q\u00eb ka shkruar Jakup Krasniqi.<\/p>\n<p>Gjykimi ndaj ish-krer\u00ebve t\u00eb Ushtris\u00eb \u00c7lirimtare t\u00eb Kosov\u00ebs (U\u00c7K), nga Dhomat e Specializuara dhe Zyra e Prokurorit, ka filluar nga data 3 prill 2023. Hashim Tha\u00e7i, Kadri Veseli, Rexhep Selimi dhe Jakup Krasnqi jan\u00eb deklaruar t\u00eb pafajsh\u00ebm. Ata po mbahen n\u00eb paraburgim n\u00eb Hag\u00eb q\u00eb nga viti 2020.<\/p>\n","protected":false},"excerpt":{"rendered":"<p>Ish-kryetari i Kuvendit, Jakup Krasniqi vazhdon t\u00eb jet\u00eb ende n\u00eb paraburgim n\u00eb Hag\u00eb, pas aktakuz\u00ebs s\u00eb ngritur nga Gjykata Speciale dhe fillimit t\u00eb gjykimit ndaj<\/p>\n","protected":false},"author":14,"featured_media":0,"comment_status":"open","ping_status":"open","sticky":false,"template":"","format":"standard","meta":{"footnotes":""},"categories":[45],"tags":[],"class_list":["post-15387","post","type-post","status-publish","format-standard","hentry","category-rajoni"],"_links":{"self":[{"href":"https:\/\/indeks.bilten.mk\/index.php?rest_route=\/wp\/v2\/posts\/15387","targetHints":{"allow":["GET"]}}],"collection":[{"href":"https:\/\/indeks.bilten.mk\/index.php?rest_route=\/wp\/v2\/posts"}],"about":[{"href":"https:\/\/indeks.bilten.mk\/index.php?rest_route=\/wp\/v2\/types\/post"}],"author":[{"embeddable":true,"href":"https:\/\/indeks.bilten.mk\/index.php?rest_route=\/wp\/v2\/users\/14"}],"replies":[{"embeddable":true,"href":"https:\/\/indeks.bilten.mk\/index.php?rest_route=%2Fwp%2Fv2%2Fcomments&post=15387"}],"version-history":[{"count":0,"href":"https:\/\/indeks.bilten.mk\/index.php?rest_route=\/wp\/v2\/posts\/15387\/revisions"}],"wp:attachment":[{"href":"https:\/\/indeks.bilten.mk\/index.php?rest_route=%2Fwp%2Fv2%2Fmedia&parent=15387"}],"wp:term":[{"taxonomy":"category","embeddable":true,"href":"https:\/\/indeks.bilten.mk\/index.php?rest_route=%2Fwp%2Fv2%2Fcategories&post=15387"},{"taxonomy":"post_tag","embeddable":true,"href":"https:\/\/indeks.bilten.mk\/index.php?rest_route=%2Fwp%2Fv2%2Ftags&post=15387"}],"curies":[{"name":"wp","href":"https:\/\/api.w.org\/{rel}","templated":true}]}}