{"id":15392,"date":"2023-08-31T12:12:57","date_gmt":"2023-08-31T10:12:57","guid":{"rendered":"https:\/\/indeks.mk\/?p=15392"},"modified":"2023-08-31T12:12:57","modified_gmt":"2023-08-31T10:12:57","slug":"shaqiri-neser-fillon-viti-i-ri-shkollor-dhe-per-here-te-pare-do-te-kete-pushim-pranveror","status":"publish","type":"post","link":"https:\/\/indeks.bilten.mk\/?p=15392","title":{"rendered":"Shaqiri: Nes\u00ebr fillon viti i ri shkollor dhe p\u00ebr her\u00eb t\u00eb par\u00eb do t\u00eb ket\u00eb pushim pranveror"},"content":{"rendered":"<p>Viti i ri shkollor do t\u00eb filloj\u00eb m\u00eb 1 shtator, pra nes\u00ebr dhe do t\u00eb zgjas\u00eb deri m\u00eb 17 qershor, ka konfirmuar ministri i Arsimit dhe Shkenc\u00ebs Jeton Shaqiri.<\/p>\n<p>Ai shpjegoi se k\u00ebt\u00eb vit p\u00ebr her\u00eb t\u00eb par\u00eb nx\u00ebn\u00ebsit e shkollave fillore dhe t\u00eb mesme do t\u00eb ken\u00eb pushim pranveror dhe do t\u00eb zgjas\u00eb nga 29 prilli deri m\u00eb 5 maj, praktik\u00eb e cila, si\u00e7 tha Shaqiri, aplikohet n\u00eb disa vende evropiane dhe q\u00eb sipas m\u00ebsues\u00ebve dhe sh\u00ebrbimet profesionale, do t\u00eb sjellin rezultate m\u00eb t\u00eb mira n\u00eb m\u00ebsim.<\/p>\n","protected":false},"excerpt":{"rendered":"<p>Viti i ri shkollor do t\u00eb filloj\u00eb m\u00eb 1 shtator, pra nes\u00ebr dhe do t\u00eb zgjas\u00eb deri m\u00eb 17 qershor, ka konfirmuar ministri i Arsimit<\/p>\n","protected":false},"author":14,"featured_media":0,"comment_status":"open","ping_status":"open","sticky":false,"template":"","format":"standard","meta":{"footnotes":""},"categories":[44],"tags":[],"class_list":["post-15392","post","type-post","status-publish","format-standard","hentry","category-maqedoni"],"_links":{"self":[{"href":"https:\/\/indeks.bilten.mk\/index.php?rest_route=\/wp\/v2\/posts\/15392","targetHints":{"allow":["GET"]}}],"collection":[{"href":"https:\/\/indeks.bilten.mk\/index.php?rest_route=\/wp\/v2\/posts"}],"about":[{"href":"https:\/\/indeks.bilten.mk\/index.php?rest_route=\/wp\/v2\/types\/post"}],"author":[{"embeddable":true,"href":"https:\/\/indeks.bilten.mk\/index.php?rest_route=\/wp\/v2\/users\/14"}],"replies":[{"embeddable":true,"href":"https:\/\/indeks.bilten.mk\/index.php?rest_route=%2Fwp%2Fv2%2Fcomments&post=15392"}],"version-history":[{"count":0,"href":"https:\/\/indeks.bilten.mk\/index.php?rest_route=\/wp\/v2\/posts\/15392\/revisions"}],"wp:attachment":[{"href":"https:\/\/indeks.bilten.mk\/index.php?rest_route=%2Fwp%2Fv2%2Fmedia&parent=15392"}],"wp:term":[{"taxonomy":"category","embeddable":true,"href":"https:\/\/indeks.bilten.mk\/index.php?rest_route=%2Fwp%2Fv2%2Fcategories&post=15392"},{"taxonomy":"post_tag","embeddable":true,"href":"https:\/\/indeks.bilten.mk\/index.php?rest_route=%2Fwp%2Fv2%2Ftags&post=15392"}],"curies":[{"name":"wp","href":"https:\/\/api.w.org\/{rel}","templated":true}]}}