{"id":15394,"date":"2023-08-31T12:42:41","date_gmt":"2023-08-31T10:42:41","guid":{"rendered":"https:\/\/indeks.mk\/?p=15394"},"modified":"2023-08-31T12:42:41","modified_gmt":"2023-08-31T10:42:41","slug":"shaqiri-nga-shtatori-pagat-e-arsimtareve-dhe-profesoreve-do-te-rriten-per-10","status":"publish","type":"post","link":"https:\/\/indeks.bilten.mk\/?p=15394","title":{"rendered":"Shaqiri: Nga shtatori, pagat e arsimtar\u00ebve dhe profesor\u00ebve do t\u00eb rriten p\u00ebr 10%"},"content":{"rendered":"<p>Ministri i Arsimit dhe Shkenc\u00ebs, Jeton Shaqiri n\u00eb \u201cSummer Click\u201d n\u00eb TV21 tha se me marr\u00ebveshjen e re kolektive do t\u00eb rregullohet \u00e7\u00ebshtja e pagave p\u00ebr arsimtar\u00ebt dhe profesor\u00ebt. Shaqiri tha se p\u00ebr m\u00eb pak se nj\u00eb vit pagat jan\u00eb rritur p\u00ebr 18,4 p\u00ebr qind, nd\u00ebrsa n\u00eb shtator do t\u00eb rritet p\u00ebr 10 p\u00ebr qind shtes\u00eb.<\/p>\n<p>\u201cN\u00eb periudh\u00ebn nga 1 shtatori\u2026e ndaj n\u00eb emisionin tuaj, ju e dini se vjet n\u00eb fund t\u00eb qershorit pas protestave, grev\u00ebs s\u00eb arsimtar\u00ebve, ne n\u00eb shtator vendos\u00ebm p\u00ebr rritje prej 15%, n\u00eb janar p\u00ebr 3,4%, kjo jep 18,4 p\u00ebr qind. N\u00eb periudh\u00eb prej nj\u00eb viti u arrit\u00ebn pagat p\u00ebr 18,4%, ne vazhdojm\u00eb q\u00eb k\u00ebt\u00eb shtator, me marr\u00ebveshjen kolektive do t\u00eb t\u00eb marrin 10% rritje\u201d, tha Shaqiri.<\/p>\n<p>Shaqiri tha se pas harmonizimit me pag\u00ebn minimale, 10 p\u00ebrqind\u00ebshit do t\u2019i shtohet edhe nj\u00eb p\u00ebrqindje e rritjes s\u00eb pag\u00ebs.<\/p>\n<p>\u201cP\u00ebr nj\u00eb vit, nga shtatori n\u00eb shtator, n\u00eb shkoll\u00ebn fillore dhe t\u00eb mesme kemi p\u00ebr paga m\u00eb t\u00eb larta prej 35 p\u00ebr qind n\u00eb p\u00ebrgjith\u00ebsi, p\u00ebr nj\u00eb vit. Do t\u00eb thot\u00eb 18,4 p\u00ebr qind t\u00eb realizuara, vazhdojm\u00eb me 10 dhe harmonizimin me pag\u00ebn minimale q\u00eb do ta b\u00ebjm\u00eb p\u00ebr nj\u00eb p\u00ebrqindje t\u00eb caktuar, q\u00eb jemi n\u00eb drejtim pozitiv bashk\u00eb me Ministrin\u00eb e Financave\u201d, tha Shaqiri.<\/p>\n","protected":false},"excerpt":{"rendered":"<p>Ministri i Arsimit dhe Shkenc\u00ebs, Jeton Shaqiri n\u00eb \u201cSummer Click\u201d n\u00eb TV21 tha se me marr\u00ebveshjen e re kolektive do t\u00eb rregullohet \u00e7\u00ebshtja e pagave<\/p>\n","protected":false},"author":14,"featured_media":0,"comment_status":"open","ping_status":"open","sticky":false,"template":"","format":"standard","meta":{"footnotes":""},"categories":[44],"tags":[],"class_list":["post-15394","post","type-post","status-publish","format-standard","hentry","category-maqedoni"],"_links":{"self":[{"href":"https:\/\/indeks.bilten.mk\/index.php?rest_route=\/wp\/v2\/posts\/15394","targetHints":{"allow":["GET"]}}],"collection":[{"href":"https:\/\/indeks.bilten.mk\/index.php?rest_route=\/wp\/v2\/posts"}],"about":[{"href":"https:\/\/indeks.bilten.mk\/index.php?rest_route=\/wp\/v2\/types\/post"}],"author":[{"embeddable":true,"href":"https:\/\/indeks.bilten.mk\/index.php?rest_route=\/wp\/v2\/users\/14"}],"replies":[{"embeddable":true,"href":"https:\/\/indeks.bilten.mk\/index.php?rest_route=%2Fwp%2Fv2%2Fcomments&post=15394"}],"version-history":[{"count":0,"href":"https:\/\/indeks.bilten.mk\/index.php?rest_route=\/wp\/v2\/posts\/15394\/revisions"}],"wp:attachment":[{"href":"https:\/\/indeks.bilten.mk\/index.php?rest_route=%2Fwp%2Fv2%2Fmedia&parent=15394"}],"wp:term":[{"taxonomy":"category","embeddable":true,"href":"https:\/\/indeks.bilten.mk\/index.php?rest_route=%2Fwp%2Fv2%2Fcategories&post=15394"},{"taxonomy":"post_tag","embeddable":true,"href":"https:\/\/indeks.bilten.mk\/index.php?rest_route=%2Fwp%2Fv2%2Ftags&post=15394"}],"curies":[{"name":"wp","href":"https:\/\/api.w.org\/{rel}","templated":true}]}}