{"id":15399,"date":"2023-08-31T13:46:51","date_gmt":"2023-08-31T11:46:51","guid":{"rendered":"https:\/\/indeks.mk\/?p=15399"},"modified":"2023-08-31T13:46:51","modified_gmt":"2023-08-31T11:46:51","slug":"behgjet-pacolli-merr-urimin-e-ditelindjes-permes-banerit-gjigant-ne-new-york","status":"publish","type":"post","link":"https:\/\/indeks.bilten.mk\/?p=15399","title":{"rendered":"Behgjet Pacolli merr urimin e dit\u00eblindjes p\u00ebrmes banerit gjigant n\u00eb New York"},"content":{"rendered":"<p><strong>Kreu i AKR-s\u00eb dhe nj\u00ebri prej biznesmen\u00ebve m\u00eb t\u00eb pasur n\u00eb vend, Behgjet Pacolli, sot festoi dit\u00eblindjen e 72.<\/strong><\/p>\n<p>N\u00eb k\u00ebt\u00eb dit\u00eb t\u00eb ve\u00e7ant\u00eb, ai pranoi edhe nj\u00eb urim special, q\u00eb erdhi p\u00ebrtej Atlantikut.<\/p>\n<p>\u201cHappy Birthday Mr. Pacolli\u201d, shkroi n\u00eb reklam\u00ebn gjigante t\u00eb sheshit kryesor t\u00eb New Yorkut, Times Square.Padyshim se Pacolli e shp\u00ebrndau k\u00ebt\u00eb urim edhe p\u00ebrmes rrjeteve sociale.<\/p>\n<p>Postimi i plot\u00eb:<\/p>\n<div class=\"fb-video fb_iframe_widget fb_iframe_widget_fluid_desktop\" data-allowfullscreen=\"true\" data-href=\"https:\/\/www.facebook.com\/watch\/?v=802435758283827\"><iframe loading=\"lazy\" class=\"\" title=\"fb:video Facebook Social Plugin\" src=\"https:\/\/www.facebook.com\/v2.3\/plugins\/video.php?allowfullscreen=true&amp;app_id=249643311490&amp;channel=https%3A%2F%2Fstaticxx.facebook.com%2Fx%2Fconnect%2Fxd_arbiter%2F%3Fversion%3D46%23cb%3Df21c87274b6e31c%26domain%3Dwww.kosovarja-ks.com%26is_canvas%3Dfalse%26origin%3Dhttps%253A%252F%252Fwww.kosovarja-ks.com%252Ff74ed497ba2cdc%26relation%3Dparent.parent&amp;container_width=673&amp;href=https%3A%2F%2Fwww.facebook.com%2Fwatch%2F%3Fv%3D802435758283827&amp;locale=en_US&amp;sdk=joey\" name=\"f21c3160e8b474c\" width=\"1000px\" height=\"1000px\" frameborder=\"0\" scrolling=\"no\" allowfullscreen=\"allowfullscreen\" data-testid=\"fb:video Facebook Social Plugin\"><\/iframe><\/div>\n<p>&nbsp;<\/p>\n","protected":false},"excerpt":{"rendered":"<p>Kreu i AKR-s\u00eb dhe nj\u00ebri prej biznesmen\u00ebve m\u00eb t\u00eb pasur n\u00eb vend, Behgjet Pacolli, sot festoi dit\u00eblindjen e 72. N\u00eb k\u00ebt\u00eb dit\u00eb t\u00eb ve\u00e7ant\u00eb, ai<\/p>\n","protected":false},"author":14,"featured_media":0,"comment_status":"open","ping_status":"open","sticky":false,"template":"","format":"standard","meta":{"footnotes":""},"categories":[45],"tags":[],"class_list":["post-15399","post","type-post","status-publish","format-standard","hentry","category-rajoni"],"_links":{"self":[{"href":"https:\/\/indeks.bilten.mk\/index.php?rest_route=\/wp\/v2\/posts\/15399","targetHints":{"allow":["GET"]}}],"collection":[{"href":"https:\/\/indeks.bilten.mk\/index.php?rest_route=\/wp\/v2\/posts"}],"about":[{"href":"https:\/\/indeks.bilten.mk\/index.php?rest_route=\/wp\/v2\/types\/post"}],"author":[{"embeddable":true,"href":"https:\/\/indeks.bilten.mk\/index.php?rest_route=\/wp\/v2\/users\/14"}],"replies":[{"embeddable":true,"href":"https:\/\/indeks.bilten.mk\/index.php?rest_route=%2Fwp%2Fv2%2Fcomments&post=15399"}],"version-history":[{"count":0,"href":"https:\/\/indeks.bilten.mk\/index.php?rest_route=\/wp\/v2\/posts\/15399\/revisions"}],"wp:attachment":[{"href":"https:\/\/indeks.bilten.mk\/index.php?rest_route=%2Fwp%2Fv2%2Fmedia&parent=15399"}],"wp:term":[{"taxonomy":"category","embeddable":true,"href":"https:\/\/indeks.bilten.mk\/index.php?rest_route=%2Fwp%2Fv2%2Fcategories&post=15399"},{"taxonomy":"post_tag","embeddable":true,"href":"https:\/\/indeks.bilten.mk\/index.php?rest_route=%2Fwp%2Fv2%2Ftags&post=15399"}],"curies":[{"name":"wp","href":"https:\/\/api.w.org\/{rel}","templated":true}]}}