{"id":15401,"date":"2023-08-31T14:03:14","date_gmt":"2023-08-31T12:03:14","guid":{"rendered":"https:\/\/indeks.mk\/?p=15401"},"modified":"2023-08-31T14:03:14","modified_gmt":"2023-08-31T12:03:14","slug":"del-nje-video-e-re-e-prigozhin-it-flet-per-eliminimin-e-tij-nje-dite-para-tragjedise","status":"publish","type":"post","link":"https:\/\/indeks.bilten.mk\/?p=15401","title":{"rendered":"Del nj\u00eb video e re e Prigozhin-it, flet p\u00ebr eliminimin e tij nj\u00eb dit\u00eb para tragjedis\u00eb"},"content":{"rendered":"<p>Gray Zone, nj\u00eb kanal Telegram i lidhur me \u00cbagner Group, ka publikuar nj\u00eb video t\u00eb re q\u00eb tregon Yevgeny Prigozhin duke komentuar \u2018eliminimin\u2019 e tij n\u00eb dit\u00ebt para rr\u00ebzimit t\u00eb avionit q\u00eb e vrau at\u00eb.<\/p>\n<p>N\u00eb videon e sapopublikuar t\u00eb regjistruar n\u00eb nj\u00eb makin\u00eb n\u00eb Afrik\u00eb \u201cgjat\u00eb gjysm\u00ebs s\u00eb dyt\u00eb t\u00eb gushtit\u201d, Prigozhin, i veshur me uniform\u00eb, \u201chedh posht\u00eb raportet p\u00ebr eliminimin e tij\u201d dhe i thot\u00eb kamer\u00ebs se \u201cgjith\u00e7ka \u00ebsht\u00eb n\u00eb rregull\u201d.<\/p>\n<p>Pamjet vijn\u00eb n\u00eb mes t\u00eb nj\u00eb vale teorish konspirative se bosi i \u00cbagner mund t\u00eb jet\u00eb ende gjall\u00eb<\/p>\n<p>Shum\u00eb n\u00eb Per\u00ebndim besojn\u00eb se ai u vra me urdh\u00ebr t\u00eb Vladimir Putin si pjes\u00eb e hakmarrjes p\u00ebr grushtin e shtetit q\u00eb ai udh\u00ebhoqi n\u00eb qershor kund\u00ebr regjimit t\u00eb diktatorit.<\/p>\n<div><\/div>\n<figure class=\"wp-block-embed-twitter wp-block-embed is-type-rich is-provider-twitter\">\n<div class=\"wp-block-embed__wrapper\">\n<div class=\"twitter-tweet twitter-tweet-rendered\"><iframe id=\"twitter-widget-0\" class=\"\" title=\"Twitter Tweet\" src=\"https:\/\/platform.twitter.com\/embed\/Tweet.html?creatorScreenName=gazetaexpress&amp;dnt=true&amp;embedId=twitter-widget-0&amp;features=eyJ0ZndfdGltZWxpbmVfbGlzdCI6eyJidWNrZXQiOltdLCJ2ZXJzaW9uIjpudWxsfSwidGZ3X2ZvbGxvd2VyX2NvdW50X3N1bnNldCI6eyJidWNrZXQiOnRydWUsInZlcnNpb24iOm51bGx9LCJ0ZndfdHdlZXRfZWRpdF9iYWNrZW5kIjp7ImJ1Y2tldCI6Im9uIiwidmVyc2lvbiI6bnVsbH0sInRmd19yZWZzcmNfc2Vzc2lvbiI6eyJidWNrZXQiOiJvbiIsInZlcnNpb24iOm51bGx9LCJ0ZndfZm9zbnJfc29mdF9pbnRlcnZlbnRpb25zX2VuYWJsZWQiOnsiYnVja2V0Ijoib24iLCJ2ZXJzaW9uIjpudWxsfSwidGZ3X21peGVkX21lZGlhXzE1ODk3Ijp7ImJ1Y2tldCI6InRyZWF0bWVudCIsInZlcnNpb24iOm51bGx9LCJ0ZndfZXhwZXJpbWVudHNfY29va2llX2V4cGlyYXRpb24iOnsiYnVja2V0IjoxMjA5NjAwLCJ2ZXJzaW9uIjpudWxsfSwidGZ3X3Nob3dfYmlyZHdhdGNoX3Bpdm90c19lbmFibGVkIjp7ImJ1Y2tldCI6Im9uIiwidmVyc2lvbiI6bnVsbH0sInRmd19kdXBsaWNhdGVfc2NyaWJlc190b19zZXR0aW5ncyI6eyJidWNrZXQiOiJvbiIsInZlcnNpb24iOm51bGx9LCJ0ZndfdXNlX3Byb2ZpbGVfaW1hZ2Vfc2hhcGVfZW5hYmxlZCI6eyJidWNrZXQiOiJvbiIsInZlcnNpb24iOm51bGx9LCJ0ZndfdmlkZW9faGxzX2R5bmFtaWNfbWFuaWZlc3RzXzE1MDgyIjp7ImJ1Y2tldCI6InRydWVfYml0cmF0ZSIsInZlcnNpb24iOm51bGx9LCJ0ZndfbGVnYWN5X3RpbWVsaW5lX3N1bnNldCI6eyJidWNrZXQiOnRydWUsInZlcnNpb24iOm51bGx9LCJ0ZndfdHdlZXRfZWRpdF9mcm9udGVuZCI6eyJidWNrZXQiOiJvbiIsInZlcnNpb24iOm51bGx9fQ%3D%3D&amp;frame=false&amp;hideCard=false&amp;hideThread=false&amp;id=1697152491572416668&amp;lang=en&amp;origin=https%3A%2F%2Fwww.gazetaexpress.com%2Fdel-nje-video-e-re-e-prigozhin-it-flet-per-eliminimin-e-tij-nje-dite-para-tragjedise%2F&amp;sessionId=63894350643ac9495898ac66acd19c88d9658c88&amp;siteScreenName=gazetaexpress&amp;theme=light&amp;widgetsVersion=aaf4084522e3a%3A1674595607486&amp;width=500px\" frameborder=\"0\" scrolling=\"no\" allowfullscreen=\"allowfullscreen\" data-tweet-id=\"1697152491572416668\" data-mce-fragment=\"1\"><\/iframe><\/div>\n<\/div>\n<\/figure>\n","protected":false},"excerpt":{"rendered":"<p>Gray Zone, nj\u00eb kanal Telegram i lidhur me \u00cbagner Group, ka publikuar nj\u00eb video t\u00eb re q\u00eb tregon Yevgeny Prigozhin duke komentuar \u2018eliminimin\u2019 e tij<\/p>\n","protected":false},"author":14,"featured_media":0,"comment_status":"open","ping_status":"open","sticky":false,"template":"","format":"standard","meta":{"footnotes":""},"categories":[54],"tags":[],"class_list":["post-15401","post","type-post","status-publish","format-standard","hentry","category-indeks"],"_links":{"self":[{"href":"https:\/\/indeks.bilten.mk\/index.php?rest_route=\/wp\/v2\/posts\/15401","targetHints":{"allow":["GET"]}}],"collection":[{"href":"https:\/\/indeks.bilten.mk\/index.php?rest_route=\/wp\/v2\/posts"}],"about":[{"href":"https:\/\/indeks.bilten.mk\/index.php?rest_route=\/wp\/v2\/types\/post"}],"author":[{"embeddable":true,"href":"https:\/\/indeks.bilten.mk\/index.php?rest_route=\/wp\/v2\/users\/14"}],"replies":[{"embeddable":true,"href":"https:\/\/indeks.bilten.mk\/index.php?rest_route=%2Fwp%2Fv2%2Fcomments&post=15401"}],"version-history":[{"count":0,"href":"https:\/\/indeks.bilten.mk\/index.php?rest_route=\/wp\/v2\/posts\/15401\/revisions"}],"wp:attachment":[{"href":"https:\/\/indeks.bilten.mk\/index.php?rest_route=%2Fwp%2Fv2%2Fmedia&parent=15401"}],"wp:term":[{"taxonomy":"category","embeddable":true,"href":"https:\/\/indeks.bilten.mk\/index.php?rest_route=%2Fwp%2Fv2%2Fcategories&post=15401"},{"taxonomy":"post_tag","embeddable":true,"href":"https:\/\/indeks.bilten.mk\/index.php?rest_route=%2Fwp%2Fv2%2Ftags&post=15401"}],"curies":[{"name":"wp","href":"https:\/\/api.w.org\/{rel}","templated":true}]}}