{"id":15410,"date":"2023-08-31T14:13:29","date_gmt":"2023-08-31T12:13:29","guid":{"rendered":"https:\/\/indeks.mk\/?p=15410"},"modified":"2023-08-31T14:13:29","modified_gmt":"2023-08-31T12:13:29","slug":"gjithcka-sillet-rreth-parave-kroos-godet-perseri-arabine-saudite","status":"publish","type":"post","link":"https:\/\/indeks.bilten.mk\/?p=15410","title":{"rendered":"\u201cGjith\u00e7ka sillet rreth parave\u201d, Kroos godet p\u00ebrs\u00ebri Arabin\u00eb Saudite"},"content":{"rendered":"<p><strong>Mesfushori i Real Madridit, Toni Kroos nuk \u00ebsht\u00eb ve\u00e7an\u00ebrisht i njohur p\u00ebr mbajtjen e gjuh\u00ebs, por ka p\u00ebrdorur edhe nj\u00eb her\u00eb \u2018podcast\u2019-in e tij si nj\u00eb platform\u00eb p\u00ebr t\u00eb kritikuar gjendjen aktuale t\u00eb loj\u00ebs. P\u00ebr her\u00eb t\u00eb dyt\u00eb brenda nj\u00eb jave, ylli gjerman ka kritikuar lojtar\u00ebt q\u00eb kalojn\u00eb n\u00eb Arabin\u00eb Saudite, duke i akuzuar ata si mercenar\u00eb.<\/strong><\/p>\n<p>Ndjenjat e tij u b\u00ebn\u00eb shum\u00eb t\u00eb qarta jav\u00ebn e kaluar kur u publikua lajmi se Gabri Veiga do t\u00eb largohej nga Celta Vigo p\u00ebr Al Nassr, pavar\u00ebsisht se kishte shansin t\u00eb shkonte n\u00eb nj\u00eb num\u00ebr klubesh t\u00eb tjera kryesore n\u00eb Evrop\u00eb.<\/p>\n<p>Ylli gjerman e cil\u00ebsoi si \u201ct\u00eb turpsh\u00ebm\u201d vendimin e 21-vje\u00e7arit spanjoll, nd\u00ebrsa tani ka hedhur posht\u00eb iden\u00eb se futbolli i Arabis\u00eb Saudite \u00ebsht\u00eb di\u00e7ka tjet\u00ebr ve\u00e7se nj\u00eb rr\u00ebmbim parash.<\/p>\n<div class=\"related-to-article\">\n<div class=\"related-article-i\">\n<div class=\"clearfix\">\u201c\u00cbsht\u00eb th\u00ebn\u00eb se futbolli atje \u00ebsht\u00eb ambicioz, por gjith\u00e7ka rrotullohet rreth parave\u201d.<\/div>\n<\/div>\n<\/div>\n<p>\u201cN\u00eb fund, \u00ebsht\u00eb nj\u00eb vendim p\u00ebr para dhe kund\u00ebr futbollit\u201d, ka th\u00ebn\u00eb Kroos p\u00ebr\u00a0<em>Einfach Mal Luppen<\/em>.<\/p>\n<p>Ndryshe, Kroos ishte m\u00eb pak i ashp\u00ebr me veteran\u00ebt q\u00eb shkuan p\u00ebr para, duke kontrolluar emrin e ish-bashk\u00eblojtarit Cristiano Ronaldo.\u00a0<strong><em>\/Telegrafi\/<\/em><\/strong><\/p>\n","protected":false},"excerpt":{"rendered":"<p>Mesfushori i Real Madridit, Toni Kroos nuk \u00ebsht\u00eb ve\u00e7an\u00ebrisht i njohur p\u00ebr mbajtjen e gjuh\u00ebs, por ka p\u00ebrdorur edhe nj\u00eb her\u00eb \u2018podcast\u2019-in e tij si<\/p>\n","protected":false},"author":14,"featured_media":0,"comment_status":"open","ping_status":"open","sticky":false,"template":"","format":"standard","meta":{"footnotes":""},"categories":[48],"tags":[],"class_list":["post-15410","post","type-post","status-publish","format-standard","hentry","category-sport"],"_links":{"self":[{"href":"https:\/\/indeks.bilten.mk\/index.php?rest_route=\/wp\/v2\/posts\/15410","targetHints":{"allow":["GET"]}}],"collection":[{"href":"https:\/\/indeks.bilten.mk\/index.php?rest_route=\/wp\/v2\/posts"}],"about":[{"href":"https:\/\/indeks.bilten.mk\/index.php?rest_route=\/wp\/v2\/types\/post"}],"author":[{"embeddable":true,"href":"https:\/\/indeks.bilten.mk\/index.php?rest_route=\/wp\/v2\/users\/14"}],"replies":[{"embeddable":true,"href":"https:\/\/indeks.bilten.mk\/index.php?rest_route=%2Fwp%2Fv2%2Fcomments&post=15410"}],"version-history":[{"count":0,"href":"https:\/\/indeks.bilten.mk\/index.php?rest_route=\/wp\/v2\/posts\/15410\/revisions"}],"wp:attachment":[{"href":"https:\/\/indeks.bilten.mk\/index.php?rest_route=%2Fwp%2Fv2%2Fmedia&parent=15410"}],"wp:term":[{"taxonomy":"category","embeddable":true,"href":"https:\/\/indeks.bilten.mk\/index.php?rest_route=%2Fwp%2Fv2%2Fcategories&post=15410"},{"taxonomy":"post_tag","embeddable":true,"href":"https:\/\/indeks.bilten.mk\/index.php?rest_route=%2Fwp%2Fv2%2Ftags&post=15410"}],"curies":[{"name":"wp","href":"https:\/\/api.w.org\/{rel}","templated":true}]}}