{"id":15416,"date":"2023-08-31T14:23:23","date_gmt":"2023-08-31T12:23:23","guid":{"rendered":"https:\/\/indeks.mk\/?p=15416"},"modified":"2023-08-31T14:23:23","modified_gmt":"2023-08-31T12:23:23","slug":"dua-lipa-merr-vemendje-me-fustanin-e-bardhe-te-tejdukshem-foto","status":"publish","type":"post","link":"https:\/\/indeks.bilten.mk\/?p=15416","title":{"rendered":"Dua Lipa merr v\u00ebmendje me fustanin e bardh\u00eb t\u00eb tejduksh\u00ebm&#8230; (FOTO)"},"content":{"rendered":"<p><strong>K\u00ebng\u00ebtarja e njohur shqiptare, Dua Lipa, k\u00ebt\u00eb koh\u00eb ka qen\u00eb n\u00eb l\u00ebvizje n\u00ebp\u00ebr vende t\u00eb ndryshme.<\/strong><\/p>\n<p>Ajo s\u00eb fundmi ishte n\u00eb Ibiza me miqt\u00eb dhe familjen p\u00ebr t\u00eb festuar dit\u00eblindjen e 28-t\u00eb.<\/p>\n<p>E nj\u00ebjta po ashtu nj\u00eb dit\u00eb m\u00eb par\u00eb u raportua se e ka njohur t\u00eb dashurin e ri Romain Gavras me prind\u00ebrit e saj, Dukagjinin dhe Anes\u00ebn.<\/p>\n<p><iframe id=\"instagram-embed-0\" class=\"instagram-media instagram-media-rendered\" src=\"https:\/\/www.instagram.com\/p\/CwmztCnMNrF\/embed\/captioned\/?cr=1&amp;v=14&amp;wp=485&amp;rd=https%3A%2F%2Ftelegrafi.com&amp;rp=%2Fdua-lipa-merr-vemendje-fustanin-e-bardhe-transparent%2F#%7B%22ci%22%3A0%2C%22os%22%3A2505%2C%22ls%22%3A402%2C%22le%22%3A1940%7D\" height=\"958\" frameborder=\"0\" scrolling=\"no\" allowfullscreen=\"allowfullscreen\" data-instgrm-payload-id=\"instagram-media-payload-0\" data-mce-fragment=\"1\"><\/iframe><\/p>\n<p>&nbsp;<\/p>\n<p>Ata kan\u00eb qen\u00eb duke darkuar nj\u00eb nj\u00eb restorant t\u00eb famsh\u00ebm n\u00eb Ibiza t\u00eb Spanj\u00ebs.<\/p>\n<p>Sidoqoft\u00eb, ylli i famsh\u00ebm ka sjell s\u00eb fundmi disa imazhe t\u00eb reja ku shfaqet me nj\u00eb fustan t\u00eb bardh\u00eb t\u00eb tejduksh\u00ebm.<\/p>\n<p><iframe id=\"instagram-embed-1\" class=\"instagram-media instagram-media-rendered\" src=\"https:\/\/www.instagram.com\/p\/CwS0441Mcjh\/embed\/captioned\/?cr=1&amp;v=14&amp;wp=485&amp;rd=https%3A%2F%2Ftelegrafi.com&amp;rp=%2Fdua-lipa-merr-vemendje-fustanin-e-bardhe-transparent%2F#%7B%22ci%22%3A1%2C%22os%22%3A2518%2C%22ls%22%3A402%2C%22le%22%3A1940%7D\" height=\"958\" frameborder=\"0\" scrolling=\"no\" allowfullscreen=\"allowfullscreen\" data-instgrm-payload-id=\"instagram-media-payload-1\" data-mce-fragment=\"1\"><\/iframe><\/p>\n<p>&nbsp;<\/p>\n<p>Fustani transparent ka b\u00ebr\u00eb q\u00eb t\u00eb duken t\u00eb brendshmet e saj gjithashu t\u00eb bardha.<\/p>\n<div class=\"ai-viewport-1\" data-insertion-position=\"prepend\" data-selector=\".ai-insert-1-70396692\" data-insertion-no-dbg=\"\" data-code=\"PGRpdiBjbGFzcz0nY29kZS1ibG9jayBjb2RlLWJsb2NrLTEgY29kZS1ibG9jay1pbmFydGljbGUtZGVza3RvcCcgc3R5bGU9J21hcmdpbjogOHB4IGF1dG87IHRleHQtYWxpZ246IGNlbnRlcjsgZGlzcGxheTogYmxvY2s7IGNsZWFyOiBib3RoOyB3aWR0aDogMzAwcHg7IGhlaWdodDogNDIwcHg7IGJhY2tncm91bmQtY29sb3I6ICNmZmZmZmY7Jz4KPGRpdiBzdHlsZT0icG9zaXRpb246IHN0aWNreTsgdG9wOiAxNXB4OyI+CjxkaXYgY2xhc3M9ImNvZGUtYmxvY2stbGFiZWwiPlJla2xhbWE8L2Rpdj4KPCEtLSBHUFQgQWRTbG90IDE3IGZvciBBZCB1bml0ICdJbi1hcnRpY2xlX2JveF8yJyAjIyMgU2l6ZTogW1szMDAsMjUwXSxbMSwxXV0tLT4KPGRpdiBpZD0naW5hcnRpY2xlMic+CiAgPHNjcmlwdD4KICAgIGdvb2dsZXRhZy5jbWQucHVzaChmdW5jdGlvbigpIHsgZ29vZ2xldGFnLmRpc3BsYXkoJ2luYXJ0aWNsZTInKTsgfSk7CiAgPC9zY3JpcHQ+CjwvZGl2Pgo8IS0tIEVuZCBBZFNsb3QgMTcgLS0+CjwvZGl2Pgo8ZGl2IHN0eWxlPSIgaGVpZ2h0OiAzOTBweDsiPjwvZGl2Pgo8L2Rpdj4K\" data-block=\"1\">\n<div class=\"code-block code-block-1 code-block-inarticle-desktop\">\n<div>\n<div class=\"code-block-label\">Krijuesja e hitit \u201cLevitating\u201d dukjen e ka kompletuar me nj\u00eb pal\u00eb taka me material t\u00eb ngjash\u00ebm.<\/div>\n<\/div>\n<\/div>\n<\/div>\n<p><iframe id=\"instagram-embed-2\" class=\"instagram-media instagram-media-rendered\" src=\"https:\/\/www.instagram.com\/p\/CwSlclfMI0_\/embed\/captioned\/?cr=1&amp;v=14&amp;wp=485&amp;rd=https%3A%2F%2Ftelegrafi.com&amp;rp=%2Fdua-lipa-merr-vemendje-fustanin-e-bardhe-transparent%2F#%7B%22ci%22%3A2%2C%22os%22%3A2525%2C%22ls%22%3A402%2C%22le%22%3A1940%7D\" height=\"958\" frameborder=\"0\" scrolling=\"no\" allowfullscreen=\"allowfullscreen\" data-instgrm-payload-id=\"instagram-media-payload-2\" data-mce-fragment=\"1\"><\/iframe><\/p>\n<p>&nbsp;<\/p>\n<p>Dua momentalisht po shijon suksesin e k\u00ebng\u00ebs s\u00eb re \u201cDance The Night\u201d, e cila \u00ebsht\u00eb kolon\u00eb zanore e filmit \u201cBarbie\u201d.\u00a0<em><strong>\/Telegrafi\/<\/strong><\/em><\/p>\n","protected":false},"excerpt":{"rendered":"<p>K\u00ebng\u00ebtarja e njohur shqiptare, Dua Lipa, k\u00ebt\u00eb koh\u00eb ka qen\u00eb n\u00eb l\u00ebvizje n\u00ebp\u00ebr vende t\u00eb ndryshme. Ajo s\u00eb fundmi ishte n\u00eb Ibiza me miqt\u00eb dhe<\/p>\n","protected":false},"author":14,"featured_media":0,"comment_status":"open","ping_status":"open","sticky":false,"template":"","format":"standard","meta":{"footnotes":""},"categories":[49],"tags":[],"class_list":["post-15416","post","type-post","status-publish","format-standard","hentry","category-showbiz"],"_links":{"self":[{"href":"https:\/\/indeks.bilten.mk\/index.php?rest_route=\/wp\/v2\/posts\/15416","targetHints":{"allow":["GET"]}}],"collection":[{"href":"https:\/\/indeks.bilten.mk\/index.php?rest_route=\/wp\/v2\/posts"}],"about":[{"href":"https:\/\/indeks.bilten.mk\/index.php?rest_route=\/wp\/v2\/types\/post"}],"author":[{"embeddable":true,"href":"https:\/\/indeks.bilten.mk\/index.php?rest_route=\/wp\/v2\/users\/14"}],"replies":[{"embeddable":true,"href":"https:\/\/indeks.bilten.mk\/index.php?rest_route=%2Fwp%2Fv2%2Fcomments&post=15416"}],"version-history":[{"count":0,"href":"https:\/\/indeks.bilten.mk\/index.php?rest_route=\/wp\/v2\/posts\/15416\/revisions"}],"wp:attachment":[{"href":"https:\/\/indeks.bilten.mk\/index.php?rest_route=%2Fwp%2Fv2%2Fmedia&parent=15416"}],"wp:term":[{"taxonomy":"category","embeddable":true,"href":"https:\/\/indeks.bilten.mk\/index.php?rest_route=%2Fwp%2Fv2%2Fcategories&post=15416"},{"taxonomy":"post_tag","embeddable":true,"href":"https:\/\/indeks.bilten.mk\/index.php?rest_route=%2Fwp%2Fv2%2Ftags&post=15416"}],"curies":[{"name":"wp","href":"https:\/\/api.w.org\/{rel}","templated":true}]}}