{"id":15418,"date":"2023-08-31T14:29:54","date_gmt":"2023-08-31T12:29:54","guid":{"rendered":"https:\/\/indeks.mk\/?p=15418"},"modified":"2023-08-31T14:29:54","modified_gmt":"2023-08-31T12:29:54","slug":"iphone-15-pro-max-pritet-te-jete-modeli-me-i-shitur-per-shkak-kapacitetit-te-kameres","status":"publish","type":"post","link":"https:\/\/indeks.bilten.mk\/?p=15418","title":{"rendered":"iPhone 15 Pro Max pritet t\u00eb jet\u00eb modeli m\u00eb i shitur p\u00ebr shkak kapacitetit t\u00eb kamer\u00ebs"},"content":{"rendered":"<p>Analisti i njohur p\u00ebr produktet e Apple, Ming-Chu Kuo, tha se iPhone 15 Pro Max do t\u00eb p\u00ebrb\u00ebj\u00eb 35-40 p\u00ebr qind t\u00eb porosive p\u00ebr serin\u00eb 15.<\/p>\n<p>Ai pret q\u00eb 15 Pro Max t\u00eb shitet 10-20 p\u00ebr qind m\u00eb mir\u00eb se 14 Pro Max, kjo p\u00ebr shkak se ky model pritet t\u00eb ket\u00eb nj\u00eb kamer\u00eb me zmadhim t\u00eb periskopit<\/p>\n<p>Sipas tij edhe iPhone 16 Pro do t\u00eb ket\u00eb gjithashtu nj\u00eb periskop, q\u00eb do t\u00eb p\u00ebrfitoj\u00eb shum\u00eb nga shitjet.<\/p>\n<p>Kjo do t\u00eb thot\u00eb q\u00eb p\u00ebrdoruesit mund t\u00eb kapin subjekte t\u00eb larg\u00ebta me past\u00ebrti dhe detaje m\u00eb t\u00eb m\u00ebdha pa u afruar fizikisht me to.<\/p>\n<p>Largan thuhet se \u00ebsht\u00eb furnizuesi ekskluziv i modulit t\u00eb periskopit p\u00ebr modelin iPhone 15 Pro Max.\u00a0<strong>\/Telegrafi\/<\/strong><\/p>\n","protected":false},"excerpt":{"rendered":"<p>Analisti i njohur p\u00ebr produktet e Apple, Ming-Chu Kuo, tha se iPhone 15 Pro Max do t\u00eb p\u00ebrb\u00ebj\u00eb 35-40 p\u00ebr qind t\u00eb porosive p\u00ebr serin\u00eb<\/p>\n","protected":false},"author":14,"featured_media":0,"comment_status":"open","ping_status":"open","sticky":false,"template":"","format":"standard","meta":{"footnotes":""},"categories":[53],"tags":[],"class_list":["post-15418","post","type-post","status-publish","format-standard","hentry","category-teknologji"],"_links":{"self":[{"href":"https:\/\/indeks.bilten.mk\/index.php?rest_route=\/wp\/v2\/posts\/15418","targetHints":{"allow":["GET"]}}],"collection":[{"href":"https:\/\/indeks.bilten.mk\/index.php?rest_route=\/wp\/v2\/posts"}],"about":[{"href":"https:\/\/indeks.bilten.mk\/index.php?rest_route=\/wp\/v2\/types\/post"}],"author":[{"embeddable":true,"href":"https:\/\/indeks.bilten.mk\/index.php?rest_route=\/wp\/v2\/users\/14"}],"replies":[{"embeddable":true,"href":"https:\/\/indeks.bilten.mk\/index.php?rest_route=%2Fwp%2Fv2%2Fcomments&post=15418"}],"version-history":[{"count":0,"href":"https:\/\/indeks.bilten.mk\/index.php?rest_route=\/wp\/v2\/posts\/15418\/revisions"}],"wp:attachment":[{"href":"https:\/\/indeks.bilten.mk\/index.php?rest_route=%2Fwp%2Fv2%2Fmedia&parent=15418"}],"wp:term":[{"taxonomy":"category","embeddable":true,"href":"https:\/\/indeks.bilten.mk\/index.php?rest_route=%2Fwp%2Fv2%2Fcategories&post=15418"},{"taxonomy":"post_tag","embeddable":true,"href":"https:\/\/indeks.bilten.mk\/index.php?rest_route=%2Fwp%2Fv2%2Ftags&post=15418"}],"curies":[{"name":"wp","href":"https:\/\/api.w.org\/{rel}","templated":true}]}}