{"id":15425,"date":"2023-08-31T14:37:02","date_gmt":"2023-08-31T12:37:02","guid":{"rendered":"https:\/\/indeks.mk\/?p=15425"},"modified":"2023-08-31T14:37:02","modified_gmt":"2023-08-31T12:37:02","slug":"edi-rames-i-duket-larg-2030-ta-per-anetaresim-thumbon-be-ne-ne-menyren-e-tij","status":"publish","type":"post","link":"https:\/\/indeks.bilten.mk\/?p=15425","title":{"rendered":"Edi Ram\u00ebs i duket larg 2030-ta p\u00ebr an\u00ebtar\u00ebsim, thumbon BE-n\u00eb n\u00eb m\u00ebnyr\u00ebn e tij&#8230;"},"content":{"rendered":"<p><strong>Viti 2030 po i duket shum\u00eb i larg\u00ebt kryeministrit t\u00eb Shqip\u00ebris\u00eb, Edi Rama. Kreu i ekzekutivit shqiptar ka reaguar pasi Komisioneri p\u00ebr Zgjerim i BE-s\u00eb, Olivier Varhilehy, ka th\u00ebn\u00eb se Komisioni Evropian \u00ebsht\u00eb i gatsh\u00ebm p\u00ebr t\u00eb b\u00ebr\u00eb propozimet q\u00eb \u00e7ojn\u00eb n\u00eb an\u00ebtar\u00ebsim n\u00eb vitin 2030, shkruan Express.<\/strong><\/p>\n<p>Rama ka th\u00ebn\u00eb se duhet pranuar q\u00eb pas fjalimit t\u00eb papritur t\u00eb Charles Michel n\u00eb Forumin Strategjik t\u00eb Bledit n\u00eb Slloveni \u201cautobusi i ngadalsh\u00ebm i BE-s\u00eb po b\u00ebhet nj\u00eb vend interesant p\u00ebr t\u00eb q\u00ebndruar edhe pa pasur nj\u00eb karrige t\u00eb lir\u00eb\u201d.<\/p>\n<p>Kryeministri i Shqip\u00ebris\u00eb ka th\u00ebn\u00eb se pa dyshim q\u00eb pasagjer\u00ebt e Ballkanit Per\u00ebndimor mund ta p\u00ebrballojn\u00eb m\u00eb mir\u00eb udh\u00ebtimin e gjat\u00eb derisa ndjekin bised\u00ebn e z\u00ebshme t\u00eb atyre q\u00eb jan\u00eb t\u00eb ulur n\u00ebp\u00ebr karrige.<\/p>\n<p>\u201cLe t\u00eb d\u00ebgjojm\u00eb \u00e7far\u00eb do t\u00eb pasoj\u00eb\u201d, ka th\u00ebn\u00eb Rama.<\/p>\n<div><\/div>\n<figure class=\"wp-block-embed-twitter wp-block-embed is-type-rich is-provider-twitter\">\n<div class=\"wp-block-embed__wrapper\">\n<div class=\"twitter-tweet twitter-tweet-rendered\"><iframe id=\"twitter-widget-0\" class=\"\" title=\"Twitter Tweet\" src=\"https:\/\/platform.twitter.com\/embed\/Tweet.html?creatorScreenName=gazetaexpress&amp;dnt=true&amp;embedId=twitter-widget-0&amp;features=eyJ0ZndfdGltZWxpbmVfbGlzdCI6eyJidWNrZXQiOltdLCJ2ZXJzaW9uIjpudWxsfSwidGZ3X2ZvbGxvd2VyX2NvdW50X3N1bnNldCI6eyJidWNrZXQiOnRydWUsInZlcnNpb24iOm51bGx9LCJ0ZndfdHdlZXRfZWRpdF9iYWNrZW5kIjp7ImJ1Y2tldCI6Im9uIiwidmVyc2lvbiI6bnVsbH0sInRmd19yZWZzcmNfc2Vzc2lvbiI6eyJidWNrZXQiOiJvbiIsInZlcnNpb24iOm51bGx9LCJ0ZndfZm9zbnJfc29mdF9pbnRlcnZlbnRpb25zX2VuYWJsZWQiOnsiYnVja2V0Ijoib24iLCJ2ZXJzaW9uIjpudWxsfSwidGZ3X21peGVkX21lZGlhXzE1ODk3Ijp7ImJ1Y2tldCI6InRyZWF0bWVudCIsInZlcnNpb24iOm51bGx9LCJ0ZndfZXhwZXJpbWVudHNfY29va2llX2V4cGlyYXRpb24iOnsiYnVja2V0IjoxMjA5NjAwLCJ2ZXJzaW9uIjpudWxsfSwidGZ3X3Nob3dfYmlyZHdhdGNoX3Bpdm90c19lbmFibGVkIjp7ImJ1Y2tldCI6Im9uIiwidmVyc2lvbiI6bnVsbH0sInRmd19kdXBsaWNhdGVfc2NyaWJlc190b19zZXR0aW5ncyI6eyJidWNrZXQiOiJvbiIsInZlcnNpb24iOm51bGx9LCJ0ZndfdXNlX3Byb2ZpbGVfaW1hZ2Vfc2hhcGVfZW5hYmxlZCI6eyJidWNrZXQiOiJvbiIsInZlcnNpb24iOm51bGx9LCJ0ZndfdmlkZW9faGxzX2R5bmFtaWNfbWFuaWZlc3RzXzE1MDgyIjp7ImJ1Y2tldCI6InRydWVfYml0cmF0ZSIsInZlcnNpb24iOm51bGx9LCJ0ZndfbGVnYWN5X3RpbWVsaW5lX3N1bnNldCI6eyJidWNrZXQiOnRydWUsInZlcnNpb24iOm51bGx9LCJ0ZndfdHdlZXRfZWRpdF9mcm9udGVuZCI6eyJidWNrZXQiOiJvbiIsInZlcnNpb24iOm51bGx9fQ%3D%3D&amp;frame=false&amp;hideCard=false&amp;hideThread=false&amp;id=1697196252964761795&amp;lang=en&amp;origin=https%3A%2F%2Fwww.gazetaexpress.com%2Frames-i-duket-larg-2030-ta-per-anetaresim-thumbon-be-ne-ne-menyren-e-tij%2F&amp;sessionId=cb5d0cc613862b73ea902369517aec9587eef5f3&amp;siteScreenName=gazetaexpress&amp;theme=light&amp;widgetsVersion=aaf4084522e3a%3A1674595607486&amp;width=500px\" frameborder=\"0\" scrolling=\"no\" allowfullscreen=\"allowfullscreen\" data-tweet-id=\"1697196252964761795\" data-mce-fragment=\"1\"><\/iframe><\/div>\n<\/div>\n<\/figure>\n","protected":false},"excerpt":{"rendered":"<p>Viti 2030 po i duket shum\u00eb i larg\u00ebt kryeministrit t\u00eb Shqip\u00ebris\u00eb, Edi Rama. Kreu i ekzekutivit shqiptar ka reaguar pasi Komisioneri p\u00ebr Zgjerim i BE-s\u00eb,<\/p>\n","protected":false},"author":14,"featured_media":0,"comment_status":"open","ping_status":"open","sticky":false,"template":"","format":"standard","meta":{"footnotes":""},"categories":[45],"tags":[],"class_list":["post-15425","post","type-post","status-publish","format-standard","hentry","category-rajoni"],"_links":{"self":[{"href":"https:\/\/indeks.bilten.mk\/index.php?rest_route=\/wp\/v2\/posts\/15425","targetHints":{"allow":["GET"]}}],"collection":[{"href":"https:\/\/indeks.bilten.mk\/index.php?rest_route=\/wp\/v2\/posts"}],"about":[{"href":"https:\/\/indeks.bilten.mk\/index.php?rest_route=\/wp\/v2\/types\/post"}],"author":[{"embeddable":true,"href":"https:\/\/indeks.bilten.mk\/index.php?rest_route=\/wp\/v2\/users\/14"}],"replies":[{"embeddable":true,"href":"https:\/\/indeks.bilten.mk\/index.php?rest_route=%2Fwp%2Fv2%2Fcomments&post=15425"}],"version-history":[{"count":0,"href":"https:\/\/indeks.bilten.mk\/index.php?rest_route=\/wp\/v2\/posts\/15425\/revisions"}],"wp:attachment":[{"href":"https:\/\/indeks.bilten.mk\/index.php?rest_route=%2Fwp%2Fv2%2Fmedia&parent=15425"}],"wp:term":[{"taxonomy":"category","embeddable":true,"href":"https:\/\/indeks.bilten.mk\/index.php?rest_route=%2Fwp%2Fv2%2Fcategories&post=15425"},{"taxonomy":"post_tag","embeddable":true,"href":"https:\/\/indeks.bilten.mk\/index.php?rest_route=%2Fwp%2Fv2%2Ftags&post=15425"}],"curies":[{"name":"wp","href":"https:\/\/api.w.org\/{rel}","templated":true}]}}