{"id":15427,"date":"2023-08-31T14:46:57","date_gmt":"2023-08-31T12:46:57","guid":{"rendered":"https:\/\/indeks.mk\/?p=15427"},"modified":"2023-08-31T14:46:57","modified_gmt":"2023-08-31T12:46:57","slug":"ali-ahmeti-perkujton-heroin-bahri-fazliu-ne-pervjetorin-e-tij-te-lindjes","status":"publish","type":"post","link":"https:\/\/indeks.bilten.mk\/?p=15427","title":{"rendered":"Ali Ahmeti p\u00ebrkujton heroin Bahri Fazliu n\u00eb p\u00ebrvjetorin e tij t\u00eb lindjes"},"content":{"rendered":"<p>Kryetari i Bashkimit Demokratik p\u00ebr Integrim, Ali Ahmeti ka p\u00ebrkujtuar sot heroin e kombit, Bahri Fazliun n\u00eb dit\u00ebn e tij t\u00eb lindjes.<\/p>\n<p>Ahmeti shkruan se veprat e nj\u00eb atdhetari si Bahri Fazliu jetojn\u00eb gjithmon\u00eb, p\u00ebr tu kujtuar dhe b\u00ebr\u00eb udh\u00ebrr\u00ebfyes p\u00ebr atdhedashurin\u00eb.<\/p>\n<p>Statusi i plot\u00eb:<\/p>\n<p>Kujtojm\u00eb sot me krenari n\u00eb p\u00ebrvjetorin e tij t\u00eb lindjes, heroin e kombit Bahri Fazliun.<\/p>\n<p>Vitet e jet\u00ebs s\u00eb tij n\u00eb sh\u00ebrbim t\u00eb kauz\u00ebs komb\u00ebtare p\u00ebr lirin\u00eb e Kosov\u00ebs jan\u00eb udh\u00ebrr\u00ebfyes frym\u00ebzues i atdhedashuris\u00eb.<\/p>\n<p>Guximi dhe bindja p\u00ebr fitoren e s\u00eb drejt\u00ebs\u00a0 ishte tipari dallues i Bahriut, i cili bashk\u00eb me v\u00ebllain e tij Fahriun dhe shokun e idealit Afrim Zhitin\u00eb ishin flamurtar\u00ebt e liris\u00eb.<\/p>\n<p>R\u00ebnia heroike e Fahriut dhe Afrimit i shkaktoi dhimbje, por nuk e demoralizoi. U betua para varreve t\u00eb tyre se deri n\u00eb frym\u00ebn e fundit do t\u00eb veproj\u00eb p\u00ebr jet\u00ebsimin e amanetit t\u00eb tyre.<\/p>\n<p>Ra heroikisht m\u00eb 7 maj t\u00eb vitit 1998 p\u00ebr t\u00eb l\u00ebn\u00eb pas vetes gjurm\u00ebt e heroizmit q\u00eb p\u00ebrcillen brez pas brezi dhe libra t\u00eb shkruara nga dora e tij si p\u00ebrshkrim realist i sag\u00ebs s\u00eb Kosov\u00ebs.<\/p>\n<p><iframe loading=\"lazy\" src=\"https:\/\/www.facebook.com\/plugins\/post.php?href=https%3A%2F%2Fwww.facebook.com%2FAliAhmetiOfficial%2Fposts%2Fpfbid09o1GJDFQGMyQiQNUCpY7hKVdM53XCnJEnbkbTuNzwtQj5JpZpHN4ePJR7j7F7eQbl&#038;show_text=true&#038;width=500\" width=\"500\" height=\"718\" style=\"border:none;overflow:hidden\" scrolling=\"no\" frameborder=\"0\" allowfullscreen=\"true\" allow=\"autoplay; clipboard-write; encrypted-media; picture-in-picture; web-share\"><\/iframe><\/p>\n","protected":false},"excerpt":{"rendered":"<p>Kryetari i Bashkimit Demokratik p\u00ebr Integrim, Ali Ahmeti ka p\u00ebrkujtuar sot heroin e kombit, Bahri Fazliun n\u00eb dit\u00ebn e tij t\u00eb lindjes. Ahmeti shkruan se<\/p>\n","protected":false},"author":14,"featured_media":0,"comment_status":"open","ping_status":"open","sticky":false,"template":"","format":"standard","meta":{"footnotes":""},"categories":[44,45],"tags":[],"class_list":["post-15427","post","type-post","status-publish","format-standard","hentry","category-maqedoni","category-rajoni"],"_links":{"self":[{"href":"https:\/\/indeks.bilten.mk\/index.php?rest_route=\/wp\/v2\/posts\/15427","targetHints":{"allow":["GET"]}}],"collection":[{"href":"https:\/\/indeks.bilten.mk\/index.php?rest_route=\/wp\/v2\/posts"}],"about":[{"href":"https:\/\/indeks.bilten.mk\/index.php?rest_route=\/wp\/v2\/types\/post"}],"author":[{"embeddable":true,"href":"https:\/\/indeks.bilten.mk\/index.php?rest_route=\/wp\/v2\/users\/14"}],"replies":[{"embeddable":true,"href":"https:\/\/indeks.bilten.mk\/index.php?rest_route=%2Fwp%2Fv2%2Fcomments&post=15427"}],"version-history":[{"count":0,"href":"https:\/\/indeks.bilten.mk\/index.php?rest_route=\/wp\/v2\/posts\/15427\/revisions"}],"wp:attachment":[{"href":"https:\/\/indeks.bilten.mk\/index.php?rest_route=%2Fwp%2Fv2%2Fmedia&parent=15427"}],"wp:term":[{"taxonomy":"category","embeddable":true,"href":"https:\/\/indeks.bilten.mk\/index.php?rest_route=%2Fwp%2Fv2%2Fcategories&post=15427"},{"taxonomy":"post_tag","embeddable":true,"href":"https:\/\/indeks.bilten.mk\/index.php?rest_route=%2Fwp%2Fv2%2Ftags&post=15427"}],"curies":[{"name":"wp","href":"https:\/\/api.w.org\/{rel}","templated":true}]}}