{"id":15431,"date":"2023-08-31T14:53:28","date_gmt":"2023-08-31T12:53:28","guid":{"rendered":"https:\/\/indeks.mk\/?p=15431"},"modified":"2023-08-31T14:53:28","modified_gmt":"2023-08-31T12:53:28","slug":"kjo-eshte-blerta-kryetarja-me-prejardhje-shqiptare-e-nje-komune-ne-suedi","status":"publish","type":"post","link":"https:\/\/indeks.bilten.mk\/?p=15431","title":{"rendered":"Kjo \u00ebsht\u00eb Blerta, kryetarja me prejardhje shqiptare e nj\u00eb komune n\u00eb Suedi"},"content":{"rendered":"<p>Nj\u00eb num\u00ebr i konsideruesh\u00ebm i m\u00ebrgimtar\u00ebve n\u00eb Suedi po deportojn\u00eb n\u00eb shum\u00eb fusha t\u00eb ndryshme.<\/p>\n<p>Blerta Krenzin, \u00ebsht\u00eb shqiptarja e cila jeton dhe vepron n\u00eb shtetin suedez. Ajo \u00ebsht\u00eb kryetare e komun\u00ebs Avesta, rajoni Dalarna, Suedi, shkruan albinfo.ch.<\/p>\n<p>Blerta Krenzi u zgjodh kryetare e komun\u00ebs n\u00eb n\u00ebntor 2022, detyr\u00eb t\u00eb cil\u00ebn ajo e kryen me profesionaliz\u00ebm dhe p\u00ebrkushtim t\u00eb madh. M\u00eb par\u00eb, Blerta ka qen\u00eb Kryetare e Asambles\u00eb Komunale t\u00eb Avestas.<\/p>\n<p>Ajo po ashtu \u00ebsht\u00eb e gatshme p\u00ebr t\u00eb rritur m\u00eb tej bashk\u00ebpunimin mes Kosov\u00ebs dhe Suedis\u00eb n\u00eb sektor\u00eb t\u00eb ndrysh\u00ebm n\u00eb nivel lokal.<\/p>\n<p>Sukseset e arritura nga diaspora e Kosov\u00ebs jan\u00eb d\u00ebshmi e q\u00ebndrueshm\u00ebris\u00eb dhe pun\u00ebs s\u00eb palodhur t\u00eb bashkatdhetar\u00ebve tan\u00eb n\u00eb sfera t\u00eb ndryshme n\u00eb sken\u00ebn globale\/Albinfo.ch<\/p>\n","protected":false},"excerpt":{"rendered":"<p>Nj\u00eb num\u00ebr i konsideruesh\u00ebm i m\u00ebrgimtar\u00ebve n\u00eb Suedi po deportojn\u00eb n\u00eb shum\u00eb fusha t\u00eb ndryshme. Blerta Krenzin, \u00ebsht\u00eb shqiptarja e cila jeton dhe vepron n\u00eb<\/p>\n","protected":false},"author":14,"featured_media":0,"comment_status":"open","ping_status":"open","sticky":false,"template":"","format":"standard","meta":{"footnotes":""},"categories":[54],"tags":[],"class_list":["post-15431","post","type-post","status-publish","format-standard","hentry","category-indeks"],"_links":{"self":[{"href":"https:\/\/indeks.bilten.mk\/index.php?rest_route=\/wp\/v2\/posts\/15431","targetHints":{"allow":["GET"]}}],"collection":[{"href":"https:\/\/indeks.bilten.mk\/index.php?rest_route=\/wp\/v2\/posts"}],"about":[{"href":"https:\/\/indeks.bilten.mk\/index.php?rest_route=\/wp\/v2\/types\/post"}],"author":[{"embeddable":true,"href":"https:\/\/indeks.bilten.mk\/index.php?rest_route=\/wp\/v2\/users\/14"}],"replies":[{"embeddable":true,"href":"https:\/\/indeks.bilten.mk\/index.php?rest_route=%2Fwp%2Fv2%2Fcomments&post=15431"}],"version-history":[{"count":0,"href":"https:\/\/indeks.bilten.mk\/index.php?rest_route=\/wp\/v2\/posts\/15431\/revisions"}],"wp:attachment":[{"href":"https:\/\/indeks.bilten.mk\/index.php?rest_route=%2Fwp%2Fv2%2Fmedia&parent=15431"}],"wp:term":[{"taxonomy":"category","embeddable":true,"href":"https:\/\/indeks.bilten.mk\/index.php?rest_route=%2Fwp%2Fv2%2Fcategories&post=15431"},{"taxonomy":"post_tag","embeddable":true,"href":"https:\/\/indeks.bilten.mk\/index.php?rest_route=%2Fwp%2Fv2%2Ftags&post=15431"}],"curies":[{"name":"wp","href":"https:\/\/api.w.org\/{rel}","templated":true}]}}