{"id":15438,"date":"2023-08-31T14:59:50","date_gmt":"2023-08-31T12:59:50","guid":{"rendered":"https:\/\/indeks.mk\/?p=15438"},"modified":"2023-08-31T14:59:50","modified_gmt":"2023-08-31T12:59:50","slug":"vera-2023-iu-fryu-xhepat-ketyre-kengetareve-te-estrades","status":"publish","type":"post","link":"https:\/\/indeks.bilten.mk\/?p=15438","title":{"rendered":"Vera 2023 iu fryu xhepat k\u00ebtyre k\u00ebng\u00ebtar\u00ebve t\u00eb estrad\u00ebs"},"content":{"rendered":"<p><strong>Vera 2023 ishte intensive p\u00ebr k\u00ebta k\u00ebng\u00ebtar\u00eb<\/strong><\/p>\n<p>Sezonit veror\u00eb p\u00ebr vitin 2023, po i vije fundi.<\/p>\n<p>P\u00ebr shum\u00eb k\u00ebng\u00ebtar\u00eb ky sezon ishte tejet i ngarkuar. shkruan \u201cKosovarja\u201d.<\/p>\n<p>N\u00eb list\u00ebn e artist\u00ebve m\u00eb t\u00eb k\u00ebrkuar hyn\u00eb: Ledri Vula, Elvana Gjata, Dafina Zeqiri, Butrint Imeri, Capital T, Mozzik, Getinjo, Luiz Ejlli,Ylli Limani, Melinda Ademi.<\/p>\n<p><img loading=\"lazy\" decoding=\"async\" class=\"alignnone size-full wp-image-494689\" src=\"https:\/\/i0.wp.com\/www.kosovarja-ks.com\/wp-content\/uploads\/2023\/08\/ledrivula_349034666_207889952136344_4397447058611645960_n-1.jpg?resize=1080%2C1350&amp;ssl=1\" sizes=\"auto, (max-width: 1000px) 100vw, 1000px\" srcset=\"https:\/\/i0.wp.com\/www.kosovarja-ks.com\/wp-content\/uploads\/2023\/08\/ledrivula_349034666_207889952136344_4397447058611645960_n-1.jpg?w=1080&amp;ssl=1 1080w, https:\/\/i0.wp.com\/www.kosovarja-ks.com\/wp-content\/uploads\/2023\/08\/ledrivula_349034666_207889952136344_4397447058611645960_n-1.jpg?resize=240%2C300&amp;ssl=1 240w, https:\/\/i0.wp.com\/www.kosovarja-ks.com\/wp-content\/uploads\/2023\/08\/ledrivula_349034666_207889952136344_4397447058611645960_n-1.jpg?resize=819%2C1024&amp;ssl=1 819w, https:\/\/i0.wp.com\/www.kosovarja-ks.com\/wp-content\/uploads\/2023\/08\/ledrivula_349034666_207889952136344_4397447058611645960_n-1.jpg?resize=768%2C960&amp;ssl=1 768w, https:\/\/i0.wp.com\/www.kosovarja-ks.com\/wp-content\/uploads\/2023\/08\/ledrivula_349034666_207889952136344_4397447058611645960_n-1.jpg?resize=750%2C938&amp;ssl=1 750w\" alt=\"\" width=\"673\" height=\"842\" data-pin-no-hover=\"true\" \/><\/p>\n<p><strong>Ledri Vula<\/strong><\/p>\n<p>Ledri prin\u00eb n\u00eb list\u00ebn e artist\u00ebve m\u00eb t\u00eb k\u00ebrkuar dhe m\u00eb t\u00eb paguar vitet e fundit.<br \/>\nSezona filloi shume her\u00ebt p\u00ebr k\u00ebng\u00ebtarin i cili tani ka gjetur pak kohe p\u00ebr pushime.<\/p>\n<p><img loading=\"lazy\" decoding=\"async\" class=\"alignnone size-full wp-image-494693\" src=\"https:\/\/i0.wp.com\/www.kosovarja-ks.com\/wp-content\/uploads\/2023\/08\/elvanagjataaaa_361085908_18376148743009188_3300422883357208320_n.jpg?resize=1079%2C721&amp;ssl=1\" sizes=\"auto, (max-width: 1000px) 100vw, 1000px\" srcset=\"https:\/\/i0.wp.com\/www.kosovarja-ks.com\/wp-content\/uploads\/2023\/08\/elvanagjataaaa_361085908_18376148743009188_3300422883357208320_n.jpg?w=1079&amp;ssl=1 1079w, https:\/\/i0.wp.com\/www.kosovarja-ks.com\/wp-content\/uploads\/2023\/08\/elvanagjataaaa_361085908_18376148743009188_3300422883357208320_n.jpg?resize=300%2C200&amp;ssl=1 300w, https:\/\/i0.wp.com\/www.kosovarja-ks.com\/wp-content\/uploads\/2023\/08\/elvanagjataaaa_361085908_18376148743009188_3300422883357208320_n.jpg?resize=1024%2C684&amp;ssl=1 1024w, https:\/\/i0.wp.com\/www.kosovarja-ks.com\/wp-content\/uploads\/2023\/08\/elvanagjataaaa_361085908_18376148743009188_3300422883357208320_n.jpg?resize=768%2C513&amp;ssl=1 768w, https:\/\/i0.wp.com\/www.kosovarja-ks.com\/wp-content\/uploads\/2023\/08\/elvanagjataaaa_361085908_18376148743009188_3300422883357208320_n.jpg?resize=750%2C501&amp;ssl=1 750w\" alt=\"\" width=\"673\" height=\"450\" data-pin-no-hover=\"true\" \/><\/p>\n<p><strong>Elvana Gjata<\/strong><\/p>\n<p>N\u00eb t\u00eb gjitha trojet shqipfol\u00ebse Elvana Gjata, ishte nj\u00eb nga artistet q\u00eb mbushi plot\u00eb klubet e nat\u00ebs.<\/p>\n<p><img loading=\"lazy\" decoding=\"async\" class=\"alignnone size-full wp-image-494692\" src=\"https:\/\/i0.wp.com\/www.kosovarja-ks.com\/wp-content\/uploads\/2023\/08\/dafina.zeqiri_366457052_1368155804111157_7536427008964525476_n.jpg?resize=1080%2C1341&amp;ssl=1\" sizes=\"auto, (max-width: 1000px) 100vw, 1000px\" srcset=\"https:\/\/i0.wp.com\/www.kosovarja-ks.com\/wp-content\/uploads\/2023\/08\/dafina.zeqiri_366457052_1368155804111157_7536427008964525476_n.jpg?w=1080&amp;ssl=1 1080w, https:\/\/i0.wp.com\/www.kosovarja-ks.com\/wp-content\/uploads\/2023\/08\/dafina.zeqiri_366457052_1368155804111157_7536427008964525476_n.jpg?resize=242%2C300&amp;ssl=1 242w, https:\/\/i0.wp.com\/www.kosovarja-ks.com\/wp-content\/uploads\/2023\/08\/dafina.zeqiri_366457052_1368155804111157_7536427008964525476_n.jpg?resize=825%2C1024&amp;ssl=1 825w, https:\/\/i0.wp.com\/www.kosovarja-ks.com\/wp-content\/uploads\/2023\/08\/dafina.zeqiri_366457052_1368155804111157_7536427008964525476_n.jpg?resize=768%2C954&amp;ssl=1 768w, https:\/\/i0.wp.com\/www.kosovarja-ks.com\/wp-content\/uploads\/2023\/08\/dafina.zeqiri_366457052_1368155804111157_7536427008964525476_n.jpg?resize=750%2C931&amp;ssl=1 750w\" alt=\"\" width=\"673\" height=\"836\" data-pin-no-hover=\"true\" \/><\/p>\n<p><strong>Dafina Zeqiri<\/strong><\/p>\n<p>P\u00ebr Dafin\u00ebn ky vit ishte tejet i ngarkuar nga qyteti n\u00eb qytetet dhe nga shteti n\u00eb shtet.<br \/>\nNuk e la pa u komentuar edhe jeta e saj private q\u00eb n\u00eb k\u00ebt\u00eb sezon\u00eb u b\u00eb shum\u00eb virale.<\/p>\n<p><img loading=\"lazy\" decoding=\"async\" class=\"alignnone size-full wp-image-494695\" src=\"https:\/\/i0.wp.com\/www.kosovarja-ks.com\/wp-content\/uploads\/2023\/08\/Screenshot-2-27.png?resize=652%2C312&amp;ssl=1\" sizes=\"auto, (max-width: 652px) 100vw, 652px\" srcset=\"https:\/\/i0.wp.com\/www.kosovarja-ks.com\/wp-content\/uploads\/2023\/08\/Screenshot-2-27.png?w=652&amp;ssl=1 652w, https:\/\/i0.wp.com\/www.kosovarja-ks.com\/wp-content\/uploads\/2023\/08\/Screenshot-2-27.png?resize=300%2C144&amp;ssl=1 300w\" alt=\"\" width=\"652\" height=\"312\" data-pin-no-hover=\"true\" \/><\/p>\n<p><strong>Butrint Imeri<\/strong><\/p>\n<p>Vajzat n\u00eb t\u00eb gjitha qytetet me padurim prit\u00ebn performanc\u00ebn e Butrint Imerit.<br \/>\nAi me z\u00ebrin b\u00ebri p\u00ebr vet\u00eb mija vajza nga gjitha vendet.<\/p>\n<p><img loading=\"lazy\" decoding=\"async\" class=\"alignnone size-full wp-image-494687\" src=\"https:\/\/i0.wp.com\/www.kosovarja-ks.com\/wp-content\/uploads\/2023\/08\/getinjo_363499768_7002519963095892_1137259438569220085_n.jpg?resize=1080%2C810&amp;ssl=1\" sizes=\"auto, (max-width: 1000px) 100vw, 1000px\" srcset=\"https:\/\/i0.wp.com\/www.kosovarja-ks.com\/wp-content\/uploads\/2023\/08\/getinjo_363499768_7002519963095892_1137259438569220085_n.jpg?w=1080&amp;ssl=1 1080w, https:\/\/i0.wp.com\/www.kosovarja-ks.com\/wp-content\/uploads\/2023\/08\/getinjo_363499768_7002519963095892_1137259438569220085_n.jpg?resize=300%2C225&amp;ssl=1 300w, https:\/\/i0.wp.com\/www.kosovarja-ks.com\/wp-content\/uploads\/2023\/08\/getinjo_363499768_7002519963095892_1137259438569220085_n.jpg?resize=1024%2C768&amp;ssl=1 1024w, https:\/\/i0.wp.com\/www.kosovarja-ks.com\/wp-content\/uploads\/2023\/08\/getinjo_363499768_7002519963095892_1137259438569220085_n.jpg?resize=768%2C576&amp;ssl=1 768w, https:\/\/i0.wp.com\/www.kosovarja-ks.com\/wp-content\/uploads\/2023\/08\/getinjo_363499768_7002519963095892_1137259438569220085_n.jpg?resize=750%2C563&amp;ssl=1 750w\" alt=\"\" width=\"673\" height=\"505\" data-pin-no-hover=\"true\" \/><\/p>\n<p><strong>Mozzik dhe Getinjo<\/strong><\/p>\n<div id=\"pa_videoslider\"><\/div>\n<div id=\"pa_1x1_psbk_1693486700633\"><\/div>\n<p>Dy v\u00ebllez\u00ebrit ndez\u00ebn atmosfer\u00ebn kudo q\u00eb performuan.<br \/>\nNj\u00eb num\u00ebr i madh i adhuruesve t\u00eb tyre iu q\u00ebndroi besnik pas tyre.<\/p>\n<p><img loading=\"lazy\" decoding=\"async\" class=\"alignnone size-full wp-image-494688\" src=\"https:\/\/i0.wp.com\/www.kosovarja-ks.com\/wp-content\/uploads\/2023\/08\/truekapo_367414194_291770326788311_3101752414385894521_n.jpg?resize=1080%2C1349&amp;ssl=1\" sizes=\"auto, (max-width: 1000px) 100vw, 1000px\" srcset=\"https:\/\/i0.wp.com\/www.kosovarja-ks.com\/wp-content\/uploads\/2023\/08\/truekapo_367414194_291770326788311_3101752414385894521_n.jpg?w=1080&amp;ssl=1 1080w, https:\/\/i0.wp.com\/www.kosovarja-ks.com\/wp-content\/uploads\/2023\/08\/truekapo_367414194_291770326788311_3101752414385894521_n.jpg?resize=240%2C300&amp;ssl=1 240w, https:\/\/i0.wp.com\/www.kosovarja-ks.com\/wp-content\/uploads\/2023\/08\/truekapo_367414194_291770326788311_3101752414385894521_n.jpg?resize=820%2C1024&amp;ssl=1 820w, https:\/\/i0.wp.com\/www.kosovarja-ks.com\/wp-content\/uploads\/2023\/08\/truekapo_367414194_291770326788311_3101752414385894521_n.jpg?resize=768%2C959&amp;ssl=1 768w, https:\/\/i0.wp.com\/www.kosovarja-ks.com\/wp-content\/uploads\/2023\/08\/truekapo_367414194_291770326788311_3101752414385894521_n.jpg?resize=750%2C937&amp;ssl=1 750w\" alt=\"\" width=\"673\" height=\"841\" data-pin-no-hover=\"true\" \/><\/p>\n<p><strong>Capital T<\/strong><\/p>\n<p>Edhe ky vit p\u00ebr Capital T ishte mjaft\u00eb intensiv, mbr\u00ebmjet ishin t\u00eb shumta dhe atmosfera ku p\u00ebrformoi arriti kulmin.<\/p>\n<p><img loading=\"lazy\" decoding=\"async\" class=\"alignnone size-full wp-image-494690\" src=\"https:\/\/i0.wp.com\/www.kosovarja-ks.com\/wp-content\/uploads\/2023\/08\/Screenshot-1-29.png?resize=278%2C533&amp;ssl=1\" sizes=\"auto, (max-width: 278px) 100vw, 278px\" srcset=\"https:\/\/i0.wp.com\/www.kosovarja-ks.com\/wp-content\/uploads\/2023\/08\/Screenshot-1-29.png?w=278&amp;ssl=1 278w, https:\/\/i0.wp.com\/www.kosovarja-ks.com\/wp-content\/uploads\/2023\/08\/Screenshot-1-29.png?resize=156%2C300&amp;ssl=1 156w\" alt=\"\" width=\"278\" height=\"533\" data-pin-no-hover=\"true\" \/><\/p>\n<p><strong>Luiz Ejlli<\/strong><\/p>\n<p>Edhe p\u00ebr Luizin, ky ishte viti i par\u00eb por jo pak i ngarkuar me mbr\u00ebmje muzikore.<\/p>\n<p>Jo vet\u00ebm n\u00eb Kosov\u00eb e Shqip\u00ebri, Luizi ishte edhe n\u00eb Amerik\u00eb si nj\u00eb nga k\u00ebng\u00ebtar\u00ebt me t\u00eb k\u00ebrkuar shqiptar\u00eb.<\/p>\n<p><img loading=\"lazy\" decoding=\"async\" class=\"alignnone size-full wp-image-478306\" src=\"https:\/\/i0.wp.com\/www.kosovarja-ks.com\/wp-content\/uploads\/2023\/07\/melinda-3-1.webp?resize=1080%2C1350&amp;ssl=1\" sizes=\"auto, (max-width: 1000px) 100vw, 1000px\" srcset=\"https:\/\/i0.wp.com\/www.kosovarja-ks.com\/wp-content\/uploads\/2023\/07\/melinda-3-1.webp?w=1080&amp;ssl=1 1080w, https:\/\/i0.wp.com\/www.kosovarja-ks.com\/wp-content\/uploads\/2023\/07\/melinda-3-1.webp?resize=240%2C300&amp;ssl=1 240w, https:\/\/i0.wp.com\/www.kosovarja-ks.com\/wp-content\/uploads\/2023\/07\/melinda-3-1.webp?resize=819%2C1024&amp;ssl=1 819w, https:\/\/i0.wp.com\/www.kosovarja-ks.com\/wp-content\/uploads\/2023\/07\/melinda-3-1.webp?resize=768%2C960&amp;ssl=1 768w, https:\/\/i0.wp.com\/www.kosovarja-ks.com\/wp-content\/uploads\/2023\/07\/melinda-3-1.webp?resize=750%2C938&amp;ssl=1 750w\" alt=\"\" width=\"673\" height=\"842\" data-pin-no-hover=\"true\" \/><\/p>\n<p><strong>Melinda Ademi<\/strong><\/p>\n<p>Melinda u komentua shum\u00eb k\u00ebt\u00eb sezon\u00eb verore.<br \/>\nZ\u00ebri n\u00eb bashk\u00ebpunim me l\u00ebvizjet skenike padyshim i dhan\u00eb flak\u00ebn k\u00ebsaj vere, shkruan \u201cKosovarja\u201d.<\/p>\n<p><img loading=\"lazy\" decoding=\"async\" class=\"alignnone size-full wp-image-494684\" src=\"https:\/\/i0.wp.com\/www.kosovarja-ks.com\/wp-content\/uploads\/2023\/08\/ylllimani_366089934_18386269363056454_7196477887955267112_n.jpg?resize=1080%2C1346&amp;ssl=1\" sizes=\"auto, (max-width: 1000px) 100vw, 1000px\" srcset=\"https:\/\/i0.wp.com\/www.kosovarja-ks.com\/wp-content\/uploads\/2023\/08\/ylllimani_366089934_18386269363056454_7196477887955267112_n.jpg?w=1080&amp;ssl=1 1080w, https:\/\/i0.wp.com\/www.kosovarja-ks.com\/wp-content\/uploads\/2023\/08\/ylllimani_366089934_18386269363056454_7196477887955267112_n.jpg?resize=241%2C300&amp;ssl=1 241w, https:\/\/i0.wp.com\/www.kosovarja-ks.com\/wp-content\/uploads\/2023\/08\/ylllimani_366089934_18386269363056454_7196477887955267112_n.jpg?resize=822%2C1024&amp;ssl=1 822w, https:\/\/i0.wp.com\/www.kosovarja-ks.com\/wp-content\/uploads\/2023\/08\/ylllimani_366089934_18386269363056454_7196477887955267112_n.jpg?resize=768%2C957&amp;ssl=1 768w, https:\/\/i0.wp.com\/www.kosovarja-ks.com\/wp-content\/uploads\/2023\/08\/ylllimani_366089934_18386269363056454_7196477887955267112_n.jpg?resize=750%2C935&amp;ssl=1 750w\" alt=\"\" width=\"673\" height=\"839\" data-pin-no-hover=\"true\" \/><\/p>\n<p><strong>Ylli Limani<\/strong><\/p>\n<p>Ylli jo vet\u00ebm n\u00eb koncerte, ai ishte i pranish\u00ebm edhe n\u00eb dasma t\u00eb shumta.<br \/>\nBaladat dhe k\u00ebng\u00ebt e Yllit dhuruan emocione t\u00eb forta k\u00ebt\u00eb ver\u00eb.<\/p>\n<p>&nbsp;<\/p>\n","protected":false},"excerpt":{"rendered":"<p>Vera 2023 ishte intensive p\u00ebr k\u00ebta k\u00ebng\u00ebtar\u00eb Sezonit veror\u00eb p\u00ebr vitin 2023, po i vije fundi. P\u00ebr shum\u00eb k\u00ebng\u00ebtar\u00eb ky sezon ishte tejet i ngarkuar.<\/p>\n","protected":false},"author":14,"featured_media":0,"comment_status":"open","ping_status":"open","sticky":false,"template":"","format":"standard","meta":{"footnotes":""},"categories":[49],"tags":[],"class_list":["post-15438","post","type-post","status-publish","format-standard","hentry","category-showbiz"],"_links":{"self":[{"href":"https:\/\/indeks.bilten.mk\/index.php?rest_route=\/wp\/v2\/posts\/15438","targetHints":{"allow":["GET"]}}],"collection":[{"href":"https:\/\/indeks.bilten.mk\/index.php?rest_route=\/wp\/v2\/posts"}],"about":[{"href":"https:\/\/indeks.bilten.mk\/index.php?rest_route=\/wp\/v2\/types\/post"}],"author":[{"embeddable":true,"href":"https:\/\/indeks.bilten.mk\/index.php?rest_route=\/wp\/v2\/users\/14"}],"replies":[{"embeddable":true,"href":"https:\/\/indeks.bilten.mk\/index.php?rest_route=%2Fwp%2Fv2%2Fcomments&post=15438"}],"version-history":[{"count":0,"href":"https:\/\/indeks.bilten.mk\/index.php?rest_route=\/wp\/v2\/posts\/15438\/revisions"}],"wp:attachment":[{"href":"https:\/\/indeks.bilten.mk\/index.php?rest_route=%2Fwp%2Fv2%2Fmedia&parent=15438"}],"wp:term":[{"taxonomy":"category","embeddable":true,"href":"https:\/\/indeks.bilten.mk\/index.php?rest_route=%2Fwp%2Fv2%2Fcategories&post=15438"},{"taxonomy":"post_tag","embeddable":true,"href":"https:\/\/indeks.bilten.mk\/index.php?rest_route=%2Fwp%2Fv2%2Ftags&post=15438"}],"curies":[{"name":"wp","href":"https:\/\/api.w.org\/{rel}","templated":true}]}}