{"id":15450,"date":"2023-08-31T16:16:30","date_gmt":"2023-08-31T14:16:30","guid":{"rendered":"https:\/\/indeks.mk\/?p=15450"},"modified":"2023-08-31T16:16:30","modified_gmt":"2023-08-31T14:16:30","slug":"video-rektori-i-ut-se-jusuf-zejneli-numri-i-studenteve-te-interesuar-eshte-dyfishuar-konvikti-shteterore-do-te-minimizoje-harxhimet-e-studenteve","status":"publish","type":"post","link":"https:\/\/indeks.bilten.mk\/?p=15450","title":{"rendered":"VIDEO\/ Rektori i UT-s\u00eb, Jusuf Zejneli: Numri i student\u00ebve t\u00eb interesuar \u00ebsht\u00eb dyfishuar, konvikti shtet\u00ebror\u00eb do t\u00eb minimizoj\u00eb harxhimet e student\u00ebve"},"content":{"rendered":"<p>Rektori i Universitetit t\u00eb Tetov\u00ebs, Jusuf Zejneli sot ka q\u00ebndruar p\u00ebr vizit\u00eb n\u00eb objektin e Universitetit t\u00eb Tetov\u00ebs n\u00eb qytetin e Kumanov\u00ebs, me \u00e7\u2019rast ka ndjekur nga af\u00ebr procesin e regjistrimit t\u00eb hapur dit\u00eb m\u00eb par\u00eb n\u00eb k\u00ebt\u00eb Universitet.<\/p>\n<p>N\u00eb nj\u00eb prononcim p\u00ebr indeks.mk, Zejneli \u00ebsht\u00eb shprehur i lumtur me interesimin q\u00eb kan\u00eb shprehur maturan\u00ebt\u00eb p\u00ebr t&#8217;u regjistruar dhe vazhduar shkollimin dhe duke zgjedhur pik\u00ebrisht, Universitetin e Tetov\u00ebs.<\/p>\n<p>Rektori Zejneli njofton se p\u00ebr dallim nga viti i kaluar, numri i nx\u00ebn\u00ebsve q\u00eb d\u00ebshirojn\u00eb t\u00eb regjistrohen n\u00eb UT, \u00ebsht\u00eb dyfishuar. <\/p>\n<p>Flet edhe p\u00ebr drejtimet e reja dhe profesionalizmin e stafit akademik q\u00eb \u00ebsht\u00eb i angazhuar n\u00eb Universitetin e Tetov\u00ebs dhe drejtimet e reja t\u00eb akredituara p\u00ebr k\u00ebt\u00eb vit t\u00eb ri akademik.<br \/>\nN\u00eb prononcimin e tij p\u00ebr indeks.mk, Zejneli foli edhe p\u00ebr konviktin e ri, me \u00e7\u2019rast fal\u00ebnderoi Ministrin\u00eb e Arsimit dhe Qeverin\u00eb n\u00eb t\u00ebr\u00ebsi p\u00ebr angazhimin, nd\u00ebrsa hapjen e k\u00ebtij konvikti shtet\u00ebror e cil\u00ebsoi si investim t\u00eb madh e t\u00eb q\u00eblluar.<\/p>\n<p>Shtoi se hapja e konviktit do t\u00eb ndikoj\u00eb n\u00eb m\u00ebnyr\u00eb pozitive tek student\u00ebt dhe familjar\u00ebt e tyre sepse si\u00e7 thot\u00eb do t\u00eb shkurtohen harxhimet dhe kjo sipas tij, do t\u00eb jet\u00eb nj\u00eb leht\u00ebsim i madh ekonomik, social p\u00ebr t\u00eb gjith\u00eb familjar\u00ebt e student\u00ebve q\u00eb kan\u00eb vendosur q\u00eb jet\u00ebn akademike ta fillojn\u00eb dhe p\u00ebrfundojn\u00eb n\u00eb Universitetin e Tetov\u00ebs.<\/p>\n<p>P\u00ebr m\u00eb shum\u00eb, ndiqeni prononcimin e plot\u00eb t\u00eb Rektorit t\u00eb Universitetit t\u00eb Tetov\u00ebs, z. Jusuf Zejneli t\u00eb dh\u00ebn\u00eb p\u00ebr indeks.mk.<\/p>\n<p><iframe loading=\"lazy\" src=\"https:\/\/www.facebook.com\/plugins\/video.php?height=476&#038;href=https%3A%2F%2Fwww.facebook.com%2Fwww.indeks.mk%2Fvideos%2F841638637179059%2F&#038;show_text=false&#038;width=476&#038;t=0\" width=\"476\" height=\"476\" style=\"border:none;overflow:hidden\" scrolling=\"no\" frameborder=\"0\" allowfullscreen=\"true\" allow=\"autoplay; clipboard-write; encrypted-media; picture-in-picture; web-share\" allowFullScreen=\"true\"><\/iframe><\/p>\n","protected":false},"excerpt":{"rendered":"<p>Rektori i Universitetit t\u00eb Tetov\u00ebs, Jusuf Zejneli sot ka q\u00ebndruar p\u00ebr vizit\u00eb n\u00eb objektin e Universitetit t\u00eb Tetov\u00ebs n\u00eb qytetin e Kumanov\u00ebs, me \u00e7\u2019rast ka<\/p>\n","protected":false},"author":14,"featured_media":0,"comment_status":"open","ping_status":"open","sticky":false,"template":"","format":"standard","meta":{"footnotes":""},"categories":[44],"tags":[],"class_list":["post-15450","post","type-post","status-publish","format-standard","hentry","category-maqedoni"],"_links":{"self":[{"href":"https:\/\/indeks.bilten.mk\/index.php?rest_route=\/wp\/v2\/posts\/15450","targetHints":{"allow":["GET"]}}],"collection":[{"href":"https:\/\/indeks.bilten.mk\/index.php?rest_route=\/wp\/v2\/posts"}],"about":[{"href":"https:\/\/indeks.bilten.mk\/index.php?rest_route=\/wp\/v2\/types\/post"}],"author":[{"embeddable":true,"href":"https:\/\/indeks.bilten.mk\/index.php?rest_route=\/wp\/v2\/users\/14"}],"replies":[{"embeddable":true,"href":"https:\/\/indeks.bilten.mk\/index.php?rest_route=%2Fwp%2Fv2%2Fcomments&post=15450"}],"version-history":[{"count":0,"href":"https:\/\/indeks.bilten.mk\/index.php?rest_route=\/wp\/v2\/posts\/15450\/revisions"}],"wp:attachment":[{"href":"https:\/\/indeks.bilten.mk\/index.php?rest_route=%2Fwp%2Fv2%2Fmedia&parent=15450"}],"wp:term":[{"taxonomy":"category","embeddable":true,"href":"https:\/\/indeks.bilten.mk\/index.php?rest_route=%2Fwp%2Fv2%2Fcategories&post=15450"},{"taxonomy":"post_tag","embeddable":true,"href":"https:\/\/indeks.bilten.mk\/index.php?rest_route=%2Fwp%2Fv2%2Ftags&post=15450"}],"curies":[{"name":"wp","href":"https:\/\/api.w.org\/{rel}","templated":true}]}}