{"id":15454,"date":"2023-08-31T17:02:17","date_gmt":"2023-08-31T15:02:17","guid":{"rendered":"https:\/\/indeks.mk\/?p=15454"},"modified":"2023-08-31T17:03:45","modified_gmt":"2023-08-31T15:03:45","slug":"shaqiri-entuziast-dhe-i-lumtur-nje-dite-para-fillimit-te-procesit-mesimor-ndahen-45-vendime-per-mesimdhenesit","status":"publish","type":"post","link":"https:\/\/indeks.bilten.mk\/?p=15454","title":{"rendered":"Shaqiri entuziast dhe i lumtur: Nj\u00eb dit\u00eb para fillimit t\u00eb procesit m\u00ebsimor, ndahen 45 vendime p\u00ebr m\u00ebsimdh\u00ebn\u00ebsit"},"content":{"rendered":"<p>Ministri i Arsimit dhe Shkenc\u00ebs ka ndar\u00eb nj\u00eb lajm\u00eb shum\u00eb t\u00eb mir\u00eb nj\u00eb dit\u00eb para nisjes s\u00eb vitit t\u00eb ri shkollor\u00eb. <\/p>\n<p>N\u00eb njoftimin e tij n\u00eb rrjetet sociale, ku shprehet tejet i lumtur Shaqiri pohon se 45 m\u00ebsimdh\u00ebn\u00ebsve u jan\u00eb dh\u00ebn\u00eb vendime p\u00ebr m\u00ebsues &#8211; mentor n\u00eb shkollat ku punojn\u00eb.<\/p>\n<p>\u201cI lumtur, shum\u00eb bile sepse sot nj\u00eb dit\u00eb para 1 shtatorit t\u00eb vitit shkollor 2023\/2024 si Minist\u00ebr i arsimit dhe shkenc\u00ebs 45 m\u00ebsimdh\u00ebn\u00ebsve u dham\u00eb vendime p\u00ebr m\u00ebsues &#8211; mentor n\u00eb shkollat ku punojn\u00eb.  Kjo p\u00ebrmban edhe nj\u00eb simbolik\u00eb tjet\u00ebr, dua t&#8217;ju siguroj q\u00eb jam n\u00eb an\u00ebn e m\u00ebsimdh\u00ebn\u00ebsve, k\u00ebt\u00eb e kam d\u00ebshmuar me realitetin q\u00eb p\u00ebr nj\u00eb vit kalendarik m\u00ebsimdh\u00ebn\u00ebsit kan\u00eb mbi 35% paga m\u00eb t\u00eb larta, por do t\u00eb vazhdoj edhe m\u00eb tutje me p\u00ebrkrahje edhe personale edhe institucionale, mjafton q\u00eb ju ta kryeni misionin e juaj me dinjitet, t\u00eb krijoni gjenerata kualitative Po fillojm\u00eb vitin shkollor 2023\/2024, na prift e mbara t\u00eb gjithve\u201d, ka shkruar Shaqiri, njofton indeks.mk.<\/p>\n<p>https:\/\/m.facebook.com\/story.php?story_fbid=pfbid0Yjwy6tZgTpbLFmX2BdpWUGpdGSPKWXvd7MuPVqSWCJLiZN9gRyJBbEqj1LebK9Kgl&#038;id=100063912635864&#038;mibextid=Nif5oz<\/p>\n","protected":false},"excerpt":{"rendered":"<p>Ministri i Arsimit dhe Shkenc\u00ebs ka ndar\u00eb nj\u00eb lajm\u00eb shum\u00eb t\u00eb mir\u00eb nj\u00eb dit\u00eb para nisjes s\u00eb vitit t\u00eb ri shkollor\u00eb. N\u00eb njoftimin e tij<\/p>\n","protected":false},"author":14,"featured_media":0,"comment_status":"open","ping_status":"open","sticky":false,"template":"","format":"standard","meta":{"footnotes":""},"categories":[44],"tags":[],"class_list":["post-15454","post","type-post","status-publish","format-standard","hentry","category-maqedoni"],"_links":{"self":[{"href":"https:\/\/indeks.bilten.mk\/index.php?rest_route=\/wp\/v2\/posts\/15454","targetHints":{"allow":["GET"]}}],"collection":[{"href":"https:\/\/indeks.bilten.mk\/index.php?rest_route=\/wp\/v2\/posts"}],"about":[{"href":"https:\/\/indeks.bilten.mk\/index.php?rest_route=\/wp\/v2\/types\/post"}],"author":[{"embeddable":true,"href":"https:\/\/indeks.bilten.mk\/index.php?rest_route=\/wp\/v2\/users\/14"}],"replies":[{"embeddable":true,"href":"https:\/\/indeks.bilten.mk\/index.php?rest_route=%2Fwp%2Fv2%2Fcomments&post=15454"}],"version-history":[{"count":0,"href":"https:\/\/indeks.bilten.mk\/index.php?rest_route=\/wp\/v2\/posts\/15454\/revisions"}],"wp:attachment":[{"href":"https:\/\/indeks.bilten.mk\/index.php?rest_route=%2Fwp%2Fv2%2Fmedia&parent=15454"}],"wp:term":[{"taxonomy":"category","embeddable":true,"href":"https:\/\/indeks.bilten.mk\/index.php?rest_route=%2Fwp%2Fv2%2Fcategories&post=15454"},{"taxonomy":"post_tag","embeddable":true,"href":"https:\/\/indeks.bilten.mk\/index.php?rest_route=%2Fwp%2Fv2%2Ftags&post=15454"}],"curies":[{"name":"wp","href":"https:\/\/api.w.org\/{rel}","templated":true}]}}