{"id":15462,"date":"2023-08-31T18:30:19","date_gmt":"2023-08-31T16:30:19","guid":{"rendered":"https:\/\/indeks.mk\/?p=15462"},"modified":"2023-08-31T18:32:41","modified_gmt":"2023-08-31T16:32:41","slug":"ministri-jeton-shaqiri-e-njofton-kryetarin-ali-ahmeti-per-permbushjen-e-premtimit-zgjedhor","status":"publish","type":"post","link":"https:\/\/indeks.bilten.mk\/?p=15462","title":{"rendered":"Ministri Jeton Shaqiri e njofton kryetarin Ali Ahmeti p\u00ebr p\u00ebrmbushjen e premtimit zgjedhor"},"content":{"rendered":"<p>Ne sfer\u00ebn e arsimit shum\u00eb premtime zgjedhore t\u00eb th\u00ebna nga BDI, tashm\u00eb jan\u00eb p\u00ebrmbushur. <\/p>\n<p>Ndaj, p\u00ebr k\u00ebt\u00eb arsye, ministri i Arsimit dhe Shkenc\u00ebs, Jeton Shaqiri ka njoftuar me zhvillimet e fundit n\u00eb arsim dhe kryetarin e BDI-s\u00eb, Ali Ahmetin. <\/p>\n<p>Shaqiri shkruan se tashm\u00eb synimet po jet\u00ebsohen. <\/p>\n<p>Postimi i plot\u00eb: <\/p>\n<p>Synim edhe i partis\u00eb gjithmon\u00eb ka qen\u00eb rritja e pagave n\u00eb arsim, po ka qen\u00eb edhe si premtim zgjedhor.<\/p>\n<p>Dua ta falenderoj Bashkimi Demokratik p\u00ebr Integrim \u2013 BDI, subjektin politik t\u00eb cilit i takoj i cili na angazhoi t\u00eb gjith\u00eb an\u00ebtar\u00ebt e saj n\u00eb qeveri t\u00eb b\u00ebjm\u00eb \u00e7\u2019mos p\u00ebr ti rritur rrogat e m\u00ebsimdh\u00ebn\u00ebsve.<br \/>\n\ud83d\ude4fKryetar z.Ali Ahmeti, synimet e juaja po i marim me shum\u00eb seriozitet dhe dua t\u2019ju njoftoj q\u00eb porosin\u00eb po e \u00e7ojm\u00eb n\u00eb vend, mbi 35 % \u2b06\ufe0f rritje t\u00eb pagave p\u00ebr m\u00ebsimdh\u00ebn\u00ebsit gjat\u00eb nj\u00eb viti kalendarik.<\/p>\n<p>Nuk do t\u00eb mbetet me kaq, do t\u00eb vazhdojm\u00eb deri n\u00eb dit\u00ebn e fundit t\u00eb pozit\u00ebs q\u00eb ushtroj ti realizoj t\u00eb gjitha q\u00ebllimet q\u00eb i kemi v\u00ebn\u00eb bashk\u00eb para nesh, e q\u00eb jan\u00eb q\u00ebllime t\u00eb mira dhe progresive dhe nuk d\u00ebmtojn\u00eb ask\u00ebnd.<\/p>\n<p>https:\/\/www.facebook.com\/photo\/?fbid=10224048004053273&#038;set=a.1723018240653<\/p>\n","protected":false},"excerpt":{"rendered":"<p>Ne sfer\u00ebn e arsimit shum\u00eb premtime zgjedhore t\u00eb th\u00ebna nga BDI, tashm\u00eb jan\u00eb p\u00ebrmbushur. Ndaj, p\u00ebr k\u00ebt\u00eb arsye, ministri i Arsimit dhe Shkenc\u00ebs, Jeton Shaqiri<\/p>\n","protected":false},"author":14,"featured_media":0,"comment_status":"open","ping_status":"open","sticky":false,"template":"","format":"standard","meta":{"footnotes":""},"categories":[44],"tags":[],"class_list":["post-15462","post","type-post","status-publish","format-standard","hentry","category-maqedoni"],"_links":{"self":[{"href":"https:\/\/indeks.bilten.mk\/index.php?rest_route=\/wp\/v2\/posts\/15462","targetHints":{"allow":["GET"]}}],"collection":[{"href":"https:\/\/indeks.bilten.mk\/index.php?rest_route=\/wp\/v2\/posts"}],"about":[{"href":"https:\/\/indeks.bilten.mk\/index.php?rest_route=\/wp\/v2\/types\/post"}],"author":[{"embeddable":true,"href":"https:\/\/indeks.bilten.mk\/index.php?rest_route=\/wp\/v2\/users\/14"}],"replies":[{"embeddable":true,"href":"https:\/\/indeks.bilten.mk\/index.php?rest_route=%2Fwp%2Fv2%2Fcomments&post=15462"}],"version-history":[{"count":0,"href":"https:\/\/indeks.bilten.mk\/index.php?rest_route=\/wp\/v2\/posts\/15462\/revisions"}],"wp:attachment":[{"href":"https:\/\/indeks.bilten.mk\/index.php?rest_route=%2Fwp%2Fv2%2Fmedia&parent=15462"}],"wp:term":[{"taxonomy":"category","embeddable":true,"href":"https:\/\/indeks.bilten.mk\/index.php?rest_route=%2Fwp%2Fv2%2Fcategories&post=15462"},{"taxonomy":"post_tag","embeddable":true,"href":"https:\/\/indeks.bilten.mk\/index.php?rest_route=%2Fwp%2Fv2%2Ftags&post=15462"}],"curies":[{"name":"wp","href":"https:\/\/api.w.org\/{rel}","templated":true}]}}