{"id":15466,"date":"2023-08-31T23:12:49","date_gmt":"2023-08-31T21:12:49","guid":{"rendered":"https:\/\/indeks.mk\/?p=15466"},"modified":"2023-08-31T23:12:49","modified_gmt":"2023-08-31T21:12:49","slug":"ballkani-siguron-grupet-e-konference-liges-reagon-omer-bunjaku-shqiptaret-do-te-jene-krenare-me-ne-forca-djema","status":"publish","type":"post","link":"https:\/\/indeks.bilten.mk\/?p=15466","title":{"rendered":"Ballkani siguron grupet e Konferenc\u00eb Lig\u00ebs, reagon Omer Bunjaku: Shqiptar\u00ebt do t\u00eb jen\u00eb krenar\u00eb me ne, forca djema"},"content":{"rendered":"<p>Klubi nga Suhareka i udh\u00ebhequr nga trajneri shqiptar, Ilir Daja dhe drejtori sportiv, Omer Bunjaku edhe k\u00ebt\u00eb vit\u00eb do t\u00eb jen\u00eb p\u00ebrfaq\u00ebsuesit e vet\u00eam t\u00eb shqiptar\u00ebve n\u00eb Lig\u00ebn e Konferencave, njofton indeks.mk<\/p>\n<p>P\u00ebr suksesin e klubit, ka reaguar Bunjaku n\u00eb rrjetet sociale.<\/p>\n<p>&#8220;Urime djema, urime t\u00eb gjith\u00eb Kosov\u00ebs dhe t\u00eb gjith\u00ea shqiptar\u00ebve kudo q\u00eb ndodhen, Ballkani do t\u00eb vazhdoj\u00eb t\u00eb ju b\u00ebj\u00eb krenar\u00eb n\u00eb grupe, Forca djema&#8221;, ka shkruar Bunjaku.<\/p>\n<p>Ndryshe, pas emrimit t\u00eb Bunjakut n\u00eb pozit\u00ebn e drejtorit sportiv, klubi nga Suhareka, Ballkani ka prezantuar sulmuesin, Arb Manaj t\u00eb ardhur nga Sllaven Bellupo, Marsel Ismailgecin dhe Walid Hamidin nga Shkupi, por sipas informacioneve tona, k\u00ebto nuk do t\u00eb jen\u00eb p\u00ebrforcimet e vetme, pasi priten edhe disa afrime t\u00eb tjera.<\/p>\n<p>https:\/\/m.facebook.com\/story.php?story_fbid=pfbid021oJE1E758sUUq94EsBF8ohmbhw9BPCnBc5ANFbGXUQXyw6EqpVsiLLLfun9er8T1l&#038;id=1165445966&#038;mibextid=Nif5oz<\/p>\n<p>\/indeks.mk\/<\/p>\n","protected":false},"excerpt":{"rendered":"<p>Klubi nga Suhareka i udh\u00ebhequr nga trajneri shqiptar, Ilir Daja dhe drejtori sportiv, Omer Bunjaku edhe k\u00ebt\u00eb vit\u00eb do t\u00eb jen\u00eb p\u00ebrfaq\u00ebsuesit e vet\u00eam t\u00eb<\/p>\n","protected":false},"author":14,"featured_media":0,"comment_status":"open","ping_status":"open","sticky":false,"template":"","format":"standard","meta":{"footnotes":""},"categories":[48],"tags":[],"class_list":["post-15466","post","type-post","status-publish","format-standard","hentry","category-sport"],"_links":{"self":[{"href":"https:\/\/indeks.bilten.mk\/index.php?rest_route=\/wp\/v2\/posts\/15466","targetHints":{"allow":["GET"]}}],"collection":[{"href":"https:\/\/indeks.bilten.mk\/index.php?rest_route=\/wp\/v2\/posts"}],"about":[{"href":"https:\/\/indeks.bilten.mk\/index.php?rest_route=\/wp\/v2\/types\/post"}],"author":[{"embeddable":true,"href":"https:\/\/indeks.bilten.mk\/index.php?rest_route=\/wp\/v2\/users\/14"}],"replies":[{"embeddable":true,"href":"https:\/\/indeks.bilten.mk\/index.php?rest_route=%2Fwp%2Fv2%2Fcomments&post=15466"}],"version-history":[{"count":0,"href":"https:\/\/indeks.bilten.mk\/index.php?rest_route=\/wp\/v2\/posts\/15466\/revisions"}],"wp:attachment":[{"href":"https:\/\/indeks.bilten.mk\/index.php?rest_route=%2Fwp%2Fv2%2Fmedia&parent=15466"}],"wp:term":[{"taxonomy":"category","embeddable":true,"href":"https:\/\/indeks.bilten.mk\/index.php?rest_route=%2Fwp%2Fv2%2Fcategories&post=15466"},{"taxonomy":"post_tag","embeddable":true,"href":"https:\/\/indeks.bilten.mk\/index.php?rest_route=%2Fwp%2Fv2%2Ftags&post=15466"}],"curies":[{"name":"wp","href":"https:\/\/api.w.org\/{rel}","templated":true}]}}