{"id":15472,"date":"2023-09-01T08:43:12","date_gmt":"2023-09-01T06:43:12","guid":{"rendered":"https:\/\/indeks.mk\/?p=15472"},"modified":"2023-09-01T08:43:12","modified_gmt":"2023-09-01T06:43:12","slug":"sot-nis-viti-i-ri-shkollor-nxenesit-rikthehen-ne-bankat-shkollore","status":"publish","type":"post","link":"https:\/\/indeks.bilten.mk\/?p=15472","title":{"rendered":"Sot nis viti i ri shkollor, nx\u00ebn\u00ebsit rikthehen n\u00eb bankat shkollore"},"content":{"rendered":"<p>P\u00ebr mbi 200 mij\u00eb nx\u00ebn\u00ebs t\u00eb shkollave fillore dhe t\u00eb mesme sot fillon viti shkollor 2023\/2024, i cili me vendim t\u00eb Qeveris\u00eb p\u00ebr her\u00eb t\u00eb par\u00eb n\u00eb vend t\u00eb 10 qershorit do t\u00eb p\u00ebrfundoj\u00eb m\u00eb 17 qershor.<\/p>\n<p>P\u00ebrve\u00e7 pushimit dim\u00ebror, nx\u00ebn\u00ebsit do t\u00eb ken\u00eb edhe pushim pranveror, q\u00eb do t\u00eb filloj nga 29 prilli dhe do t\u00eb zgjas deri m\u00eb 5 maj 2024.<\/p>\n<p>Sipas Konceptit p\u00ebr Arsimin Baz\u00eb, i cili aplikohet gradualisht nga viti 2020, n\u00eb k\u00ebt\u00eb vit shkollor nx\u00ebn\u00ebsit e klasave t\u00eb treta dhe t\u00eb gjashta do t\u00eb m\u00ebsojn\u00eb sipas plan-programeve t\u00eb reja dhe p\u00ebr k\u00ebt\u00eb jan\u00eb duke u p\u00ebrgatitur tekste t\u00eb reja.<\/p>\n<p>Ministri i Arsimit dhe Shkenc\u00ebs Jeton Shaqiri dje ka njoftuar se do t\u00eb ket\u00eb vones\u00eb vet\u00ebm p\u00ebr tekstet e klas\u00ebs s\u00eb gjasht\u00eb q\u00eb jan\u00eb n\u00eb faz\u00eb miratimi dhe pret q\u00eb ato t\u00eb dor\u00ebzohen gjat\u00eb muajit shtator.<\/p>\n","protected":false},"excerpt":{"rendered":"<p>P\u00ebr mbi 200 mij\u00eb nx\u00ebn\u00ebs t\u00eb shkollave fillore dhe t\u00eb mesme sot fillon viti shkollor 2023\/2024, i cili me vendim t\u00eb Qeveris\u00eb p\u00ebr her\u00eb t\u00eb<\/p>\n","protected":false},"author":14,"featured_media":0,"comment_status":"open","ping_status":"open","sticky":false,"template":"","format":"standard","meta":{"footnotes":""},"categories":[44],"tags":[],"class_list":["post-15472","post","type-post","status-publish","format-standard","hentry","category-maqedoni"],"_links":{"self":[{"href":"https:\/\/indeks.bilten.mk\/index.php?rest_route=\/wp\/v2\/posts\/15472","targetHints":{"allow":["GET"]}}],"collection":[{"href":"https:\/\/indeks.bilten.mk\/index.php?rest_route=\/wp\/v2\/posts"}],"about":[{"href":"https:\/\/indeks.bilten.mk\/index.php?rest_route=\/wp\/v2\/types\/post"}],"author":[{"embeddable":true,"href":"https:\/\/indeks.bilten.mk\/index.php?rest_route=\/wp\/v2\/users\/14"}],"replies":[{"embeddable":true,"href":"https:\/\/indeks.bilten.mk\/index.php?rest_route=%2Fwp%2Fv2%2Fcomments&post=15472"}],"version-history":[{"count":0,"href":"https:\/\/indeks.bilten.mk\/index.php?rest_route=\/wp\/v2\/posts\/15472\/revisions"}],"wp:attachment":[{"href":"https:\/\/indeks.bilten.mk\/index.php?rest_route=%2Fwp%2Fv2%2Fmedia&parent=15472"}],"wp:term":[{"taxonomy":"category","embeddable":true,"href":"https:\/\/indeks.bilten.mk\/index.php?rest_route=%2Fwp%2Fv2%2Fcategories&post=15472"},{"taxonomy":"post_tag","embeddable":true,"href":"https:\/\/indeks.bilten.mk\/index.php?rest_route=%2Fwp%2Fv2%2Ftags&post=15472"}],"curies":[{"name":"wp","href":"https:\/\/api.w.org\/{rel}","templated":true}]}}