{"id":15474,"date":"2023-09-01T09:29:25","date_gmt":"2023-09-01T07:29:25","guid":{"rendered":"https:\/\/indeks.mk\/?p=15474"},"modified":"2023-09-01T09:35:03","modified_gmt":"2023-09-01T07:35:03","slug":"ahmeti-fillojme-vitin-e-ri-shkollor-me-kushte-bashkekohore-per-mesim-pasi-dija-eshte-rruga-e-sigurte-drejt-suksesit","status":"publish","type":"post","link":"https:\/\/indeks.bilten.mk\/?p=15474","title":{"rendered":"Ahmeti: Fillojm\u00eb vitin e ri shkollor me kushte bashk\u00ebkohore p\u00ebr m\u00ebsim, pasi dija \u00ebsht\u00eb rruga e sigurt drejt suksesit"},"content":{"rendered":"<p>Kryetari i Bashkimit Demokratik p\u00ebr Integrim, Ali Ahmeti ka uruar t\u00eb gjith\u00eb nx\u00ebn\u00ebsit p\u00ebr fillimin e vitit t\u00eb ri shkollor. <\/p>\n<p>Ahmeti shkruan se \u00e7do shtator sjell frym\u00ebzim p\u00ebr madh\u00ebshtin\u00eb e dijes dhe edukimit t\u00eb brezave t\u00eb rinj, pasi dija \u00ebsht\u00eb rruga e sigurt\u00eb drejt suksesit. <\/p>\n<p>Statusi i plot\u00eb:<\/p>\n<p>T\u00eb dashur nx\u00ebn\u00ebs,<br \/>\nT\u00eb nderuar prind\u00ebr,<br \/>\nT\u00eb nderuar m\u00ebsimdh\u00ebn\u00ebs,<br \/>\nVet\u00ebm p\u00ebrmes drit\u00ebs s\u00eb dijes, popujt u kan\u00eb mbijetuar sfidave t\u00eb tjet\u00ebrsimit dhe kan\u00eb arritur shtigjet e p\u00ebrparimit.<br \/>\nArsimimi ka qen\u00eb dhe mbetet shtylla e identitetit dhe dinjitetit ton\u00eb komb\u00ebtar, andaj me rastin e vitit t\u00eb ri shkollor 2023\/2024 ju uroj sh\u00ebndet, mbar\u00ebsi dhe shum\u00eb suksese n\u00eb realizimin e aspirat\u00ebs p\u00ebr proces cil\u00ebsor edukativo &#8211; arsimor.<br \/>\n\u00c7do shtator \u00ebsht\u00eb rikujtim frym\u00ebzues p\u00ebr madh\u00ebshtin\u00eb e misionit t\u00eb dijes, profesionit t\u00eb m\u00ebsuesis\u00eb nd\u00ebr shekuj dhe garanc\u00eb se rruga e p\u00ebrparimit t\u00eb vendit nuk do t\u00eb ndalet.<br \/>\nKy vit i ri shkollor gjen vendin me kushte bashk\u00ebkohore t\u00eb m\u00ebsimnx\u00ebnies, edhe m\u00eb t\u00eb p\u00ebrkushtuar n\u00eb sh\u00ebrbim t\u00eb misionit jetik t\u00eb dijes.<br \/>\nNx\u00ebn\u00ebs t\u00eb dashur, dija \u00ebsht\u00eb rruga e vetme e sigurt drejt suksesit, andaj p\u00ebrkushtojuni n\u00eb k\u00ebt\u00eb rrug\u00ebtim, d\u00ebgjoni m\u00ebsimdh\u00ebn\u00ebsit dhe prind\u00ebrit q\u00eb t\u00eb jeni n\u00eb sh\u00ebrbim t\u00eb ardhm\u00ebris\u00eb s\u00eb sh\u00ebndosh\u00eb t\u00eb vendlindjes suaj.<\/p>\n<p><iframe loading=\"lazy\" src=\"https:\/\/www.facebook.com\/plugins\/post.php?href=https%3A%2F%2Fwww.facebook.com%2FAliAhmetiOfficial%2Fposts%2Fpfbid02Vk5ueFmQuamkxvZdKMykETdP8XKwi2NFyxVPqdh9RCcDhnVX5N6o9fAc9xt3V7SLl&#038;show_text=true&#038;width=500\" width=\"500\" height=\"673\" style=\"border:none;overflow:hidden\" scrolling=\"no\" frameborder=\"0\" allowfullscreen=\"true\" allow=\"autoplay; clipboard-write; encrypted-media; picture-in-picture; web-share\"><\/iframe> <\/p>\n","protected":false},"excerpt":{"rendered":"<p>Kryetari i Bashkimit Demokratik p\u00ebr Integrim, Ali Ahmeti ka uruar t\u00eb gjith\u00eb nx\u00ebn\u00ebsit p\u00ebr fillimin e vitit t\u00eb ri shkollor. Ahmeti shkruan se \u00e7do shtator<\/p>\n","protected":false},"author":14,"featured_media":0,"comment_status":"open","ping_status":"open","sticky":false,"template":"","format":"standard","meta":{"footnotes":""},"categories":[44],"tags":[],"class_list":["post-15474","post","type-post","status-publish","format-standard","hentry","category-maqedoni"],"_links":{"self":[{"href":"https:\/\/indeks.bilten.mk\/index.php?rest_route=\/wp\/v2\/posts\/15474","targetHints":{"allow":["GET"]}}],"collection":[{"href":"https:\/\/indeks.bilten.mk\/index.php?rest_route=\/wp\/v2\/posts"}],"about":[{"href":"https:\/\/indeks.bilten.mk\/index.php?rest_route=\/wp\/v2\/types\/post"}],"author":[{"embeddable":true,"href":"https:\/\/indeks.bilten.mk\/index.php?rest_route=\/wp\/v2\/users\/14"}],"replies":[{"embeddable":true,"href":"https:\/\/indeks.bilten.mk\/index.php?rest_route=%2Fwp%2Fv2%2Fcomments&post=15474"}],"version-history":[{"count":0,"href":"https:\/\/indeks.bilten.mk\/index.php?rest_route=\/wp\/v2\/posts\/15474\/revisions"}],"wp:attachment":[{"href":"https:\/\/indeks.bilten.mk\/index.php?rest_route=%2Fwp%2Fv2%2Fmedia&parent=15474"}],"wp:term":[{"taxonomy":"category","embeddable":true,"href":"https:\/\/indeks.bilten.mk\/index.php?rest_route=%2Fwp%2Fv2%2Fcategories&post=15474"},{"taxonomy":"post_tag","embeddable":true,"href":"https:\/\/indeks.bilten.mk\/index.php?rest_route=%2Fwp%2Fv2%2Ftags&post=15474"}],"curies":[{"name":"wp","href":"https:\/\/api.w.org\/{rel}","templated":true}]}}