{"id":15481,"date":"2023-09-01T10:54:33","date_gmt":"2023-09-01T08:54:33","guid":{"rendered":"https:\/\/indeks.mk\/?p=15481"},"modified":"2023-09-01T10:54:49","modified_gmt":"2023-09-01T08:54:49","slug":"grubi-viti-i-ri-shkollor-na-gjen-me-shkolla-te-reja-dhe-me-kushte-bashkekohore-per-nje-arsim-cilesor","status":"publish","type":"post","link":"https:\/\/indeks.bilten.mk\/?p=15481","title":{"rendered":"Grubi: Viti i ri shkollor na gjen me shkolla t\u00eb reja dhe me kushte bashk\u00ebkohore p\u00ebr nj\u00eb arsim cil\u00ebsor"},"content":{"rendered":"<p>Z\u00ebvend\u00ebskryeministri i par\u00eb, Artan Grubi p\u00ebrmes nj\u00eb statusi n\u00eb rrjetin social Facebook, ka uruar t\u00eb gjith\u00eb nx\u00ebn\u00ebsit p\u00ebr fillimin e vitit t\u00eb ri shkollor. <\/p>\n<p>Grubi shkruan se ky vit i ri shkollor ka filluar me pergaditje maksimale, p\u00ebr nj\u00eb arsim sa m\u00eb cil\u00ebsor me kushte bashk\u00ebkohore.<\/p>\n<p>Statusi i plot\u00eb: <\/p>\n<p>Sot tempujt e dijes hap\u00ebn s\u00ebrish dyert p\u00ebr f\u00ebmij\u00ebt tan\u00eb, ardhm\u00ebrin\u00eb e vendit.<br \/>\nUroj q\u00eb ky vit i ri shkollor t\u00eb jet\u00eb nj\u00eb rrug\u00ebtim i mbar\u00eb p\u00ebr t\u00eb gjith\u00eb nx\u00ebn\u00ebsit, prind\u00ebrit dhe m\u00ebsimdh\u00ebn\u00ebsit, nj\u00eb proces mbar\u00ebvajtja cil\u00ebsore e t\u00eb cilit determinon perspektiv\u00ebn e vendit.<br \/>\nThemelet e sh\u00ebndosha t\u00eb nj\u00eb populli q\u00ebndrojn\u00eb fal\u00eb drit\u00ebs s\u00eb dijes, andaj p\u00ebrkushtimi q\u00eb ajo drit\u00eb t\u00eb ndri\u00e7oj\u00eb jet\u00ebn e f\u00ebmij\u00ebve tan\u00eb \u00ebsht\u00eb mbi gjith\u00e7ka tjet\u00ebr.<br \/>\nViti shkollor 2023\/2024 gjen vendin edhe m\u00eb t\u00eb p\u00ebrgatitur n\u00eb aspekt t\u00eb cil\u00ebsis\u00eb hap\u00ebsinore dhe kuadrit t\u00eb m\u00ebsimdh\u00ebnies, e gjen me shkolla t\u00eb reja q\u00eb ishin nevoj\u00eb e domosdoshme, me paga m\u00eb t\u00eb larta p\u00ebr m\u00ebsimdh\u00ebn\u00ebsit.<br \/>\nKontributi p\u00ebr arsim cil\u00ebsor \u00ebsht\u00eb proces i pandalsh\u00ebm, sistematik, andaj n\u00eb sh\u00ebrbim t\u00eb k\u00ebtij ideali jan\u00eb t\u00eb gjitha kapacitetet institucionale t\u00eb vendit.<br \/>\nF\u00ebmij\u00eb t\u00eb dashur, fokusojuni n\u00eb rrug\u00ebn e dijes sepse shteg tjet\u00ebr drejt suksesit nuk ka.<\/p>\n<p><iframe loading=\"lazy\" src=\"https:\/\/www.facebook.com\/plugins\/post.php?href=https%3A%2F%2Fwww.facebook.com%2FArtanGrubi%2Fposts%2Fpfbid0TyyWByzJKBERTVzCPZbtebJsaqFfgh34eszFbrTi8mxdoS7t3gZEtigYiYVisVM1l&#038;show_text=true&#038;width=500\" width=\"500\" height=\"717\" style=\"border:none;overflow:hidden\" scrolling=\"no\" frameborder=\"0\" allowfullscreen=\"true\" allow=\"autoplay; clipboard-write; encrypted-media; picture-in-picture; web-share\"><\/iframe><\/p>\n","protected":false},"excerpt":{"rendered":"<p>Z\u00ebvend\u00ebskryeministri i par\u00eb, Artan Grubi p\u00ebrmes nj\u00eb statusi n\u00eb rrjetin social Facebook, ka uruar t\u00eb gjith\u00eb nx\u00ebn\u00ebsit p\u00ebr fillimin e vitit t\u00eb ri shkollor. Grubi<\/p>\n","protected":false},"author":14,"featured_media":0,"comment_status":"open","ping_status":"open","sticky":false,"template":"","format":"standard","meta":{"footnotes":""},"categories":[44],"tags":[],"class_list":["post-15481","post","type-post","status-publish","format-standard","hentry","category-maqedoni"],"_links":{"self":[{"href":"https:\/\/indeks.bilten.mk\/index.php?rest_route=\/wp\/v2\/posts\/15481","targetHints":{"allow":["GET"]}}],"collection":[{"href":"https:\/\/indeks.bilten.mk\/index.php?rest_route=\/wp\/v2\/posts"}],"about":[{"href":"https:\/\/indeks.bilten.mk\/index.php?rest_route=\/wp\/v2\/types\/post"}],"author":[{"embeddable":true,"href":"https:\/\/indeks.bilten.mk\/index.php?rest_route=\/wp\/v2\/users\/14"}],"replies":[{"embeddable":true,"href":"https:\/\/indeks.bilten.mk\/index.php?rest_route=%2Fwp%2Fv2%2Fcomments&post=15481"}],"version-history":[{"count":0,"href":"https:\/\/indeks.bilten.mk\/index.php?rest_route=\/wp\/v2\/posts\/15481\/revisions"}],"wp:attachment":[{"href":"https:\/\/indeks.bilten.mk\/index.php?rest_route=%2Fwp%2Fv2%2Fmedia&parent=15481"}],"wp:term":[{"taxonomy":"category","embeddable":true,"href":"https:\/\/indeks.bilten.mk\/index.php?rest_route=%2Fwp%2Fv2%2Fcategories&post=15481"},{"taxonomy":"post_tag","embeddable":true,"href":"https:\/\/indeks.bilten.mk\/index.php?rest_route=%2Fwp%2Fv2%2Ftags&post=15481"}],"curies":[{"name":"wp","href":"https:\/\/api.w.org\/{rel}","templated":true}]}}