{"id":15484,"date":"2023-09-01T11:03:26","date_gmt":"2023-09-01T09:03:26","guid":{"rendered":"https:\/\/indeks.mk\/?p=15484"},"modified":"2023-09-01T11:03:52","modified_gmt":"2023-09-01T09:03:52","slug":"higjiena-komunale-ne-tetove-largon-nga-puna-7-persona-drejtori-i-bilall-kasamit-paralajmeron-edhe-largime-tjera","status":"publish","type":"post","link":"https:\/\/indeks.bilten.mk\/?p=15484","title":{"rendered":"Higjiena Komunale n\u00eb Tetov\u00eb largon nga puna 7 persona, drejtori i Bilall Kasamit paralajm\u00ebron edhe largime tjera!"},"content":{"rendered":"<p>Nd\u00ebrmarrja Publike Komunale \u201cTetova\u201d \u2013 Tetov\u00eb, me arsyetime banale si n\u00eb koh\u00ebn e komunizmit kur shqiptar\u00ebt diskriminoheshin, ka larguar 7 pun\u00ebtor nga puna, thon\u00eb p\u00ebr Indeks.mk, pun\u00ebtor t\u00eb k\u00ebsaj nd\u00ebrmarrje duke paralajm\u00ebruar edhe grev\u00eb p\u00ebr shkak t\u00eb k\u00ebtyre largimeve dhe atyre q\u00eb priten dit\u00ebve n\u00eb vijim. <\/p>\n<p>\u201cAf\u00ebr shtat\u00eb pun\u00ebtor jan\u00eb larguar nga puna. Nuk shkon kjo pun\u00eb k\u00ebshtu. Do e bisedojm\u00eb me koleg\u00ebt q\u00eb t\u00eb futemi edhe grev\u00eb\u201d, thon\u00eb disa pun\u00ebtor t\u00eb k\u00ebsaj nd\u00ebrmarrje p\u00ebr Indeks.mk<br \/>\nAto thon\u00eb se metoda t\u00eb cil\u00ebn e ka zgjedhur drejtoria p\u00ebr largimin e pun\u00ebtor\u00ebve nga puna \u00ebsht\u00eb arbirtrae, dhe  se e nj\u00ebjta kund t\u00eb manipulohet. <\/p>\n<p>\u201c\u2026informohen t\u00eb pun\u00ebsuarit se n\u00ebse mungojn\u00eb nga puna pa arsye m\u00eb shum\u00eb se tre dit\u00eb pune ose pes\u00eb dit\u00eb gjat\u00eb vitit dhe nuk e informojn\u00eb p\u00ebrgjegj\u00ebsin\u00eb e tyre, kontrata e pun\u00ebs do t\u00eb nd\u00ebrpritet pa afat me l\u00ebshim nga puna\u201d, thuhet n\u00eb njoftimin t\u00eb cilin e ka l\u00ebshuar kjo nd\u00ebrmarrje dit\u00ebn e enjte, e q\u00eb \u00ebsht\u00eb firmosur nga drejtori Nuredin Fetai, i em\u00ebruar nga Bilall Kasami.<\/p>\n<p><img loading=\"lazy\" decoding=\"async\" src=\"https:\/\/indeks.mk\/wp-content\/uploads\/2023\/09\/372138493_1023209632215224_3168146845636167348_n.jpg\" alt=\"\" width=\"738\" height=\"1599\" class=\"aligncenter size-full wp-image-15485\" \/> <\/p>\n","protected":false},"excerpt":{"rendered":"<p>Nd\u00ebrmarrja Publike Komunale \u201cTetova\u201d \u2013 Tetov\u00eb, me arsyetime banale si n\u00eb koh\u00ebn e komunizmit kur shqiptar\u00ebt diskriminoheshin, ka larguar 7 pun\u00ebtor nga puna, thon\u00eb p\u00ebr<\/p>\n","protected":false},"author":14,"featured_media":15486,"comment_status":"open","ping_status":"open","sticky":false,"template":"","format":"standard","meta":{"footnotes":""},"categories":[44],"tags":[],"class_list":["post-15484","post","type-post","status-publish","format-standard","has-post-thumbnail","hentry","category-maqedoni"],"_links":{"self":[{"href":"https:\/\/indeks.bilten.mk\/index.php?rest_route=\/wp\/v2\/posts\/15484","targetHints":{"allow":["GET"]}}],"collection":[{"href":"https:\/\/indeks.bilten.mk\/index.php?rest_route=\/wp\/v2\/posts"}],"about":[{"href":"https:\/\/indeks.bilten.mk\/index.php?rest_route=\/wp\/v2\/types\/post"}],"author":[{"embeddable":true,"href":"https:\/\/indeks.bilten.mk\/index.php?rest_route=\/wp\/v2\/users\/14"}],"replies":[{"embeddable":true,"href":"https:\/\/indeks.bilten.mk\/index.php?rest_route=%2Fwp%2Fv2%2Fcomments&post=15484"}],"version-history":[{"count":0,"href":"https:\/\/indeks.bilten.mk\/index.php?rest_route=\/wp\/v2\/posts\/15484\/revisions"}],"wp:featuredmedia":[{"embeddable":true,"href":"https:\/\/indeks.bilten.mk\/index.php?rest_route=\/wp\/v2\/media\/15486"}],"wp:attachment":[{"href":"https:\/\/indeks.bilten.mk\/index.php?rest_route=%2Fwp%2Fv2%2Fmedia&parent=15484"}],"wp:term":[{"taxonomy":"category","embeddable":true,"href":"https:\/\/indeks.bilten.mk\/index.php?rest_route=%2Fwp%2Fv2%2Fcategories&post=15484"},{"taxonomy":"post_tag","embeddable":true,"href":"https:\/\/indeks.bilten.mk\/index.php?rest_route=%2Fwp%2Fv2%2Ftags&post=15484"}],"curies":[{"name":"wp","href":"https:\/\/api.w.org\/{rel}","templated":true}]}}