{"id":15488,"date":"2023-09-01T11:25:36","date_gmt":"2023-09-01T09:25:36","guid":{"rendered":"https:\/\/indeks.mk\/?p=15488"},"modified":"2023-09-01T11:25:36","modified_gmt":"2023-09-01T09:25:36","slug":"bujar-osmani-vendosi-lule-ne-varrin-e-nene-terezes-ne-indi-ndjekim-amanetin-e-saj-per-dashuri-dhe-mirekuptim","status":"publish","type":"post","link":"https:\/\/indeks.bilten.mk\/?p=15488","title":{"rendered":"Bujar Osmani vendosi lule n\u00eb varrin e N\u00ebn\u00eb Terez\u00ebs n\u00eb Indi: Ndjekim amanetin e saj p\u00ebr dashuri dhe mir\u00ebkuptim"},"content":{"rendered":"<p>N\u00eb kuad\u00ebr t\u00eb vizit\u00ebs zyrtare n\u00eb Indi, Ministri i Pun\u00ebve t\u00eb Jashtme, Bujar Osmani vendosi lule n\u00eb varrin e N\u00ebn\u00eb Terez\u00ebs n\u00eb Kalkut\u00eb, duke shprehur respektin dhe krenarin\u00eb m\u00eb t\u00eb thell\u00eb q\u00eb gruaja m\u00eb e jasht\u00ebzakonshme n\u00eb bot\u00eb \u2013 Shenjtorja e mbar\u00eb bot\u00ebs vjen nga vendi yn\u00eb. Nj\u00ebherit, Ministri vizitoi kish\u00ebn ku Shenjtorja e kaloi pjes\u00ebn m\u00eb t\u00eb madhe t\u00eb jet\u00ebs s\u00eb saj, e e cila ishte jo vet\u00ebm sht\u00ebpia e saj, por edhe sht\u00ebpia e shum\u00eb njer\u00ebzve t\u00eb pafuqish\u00ebm.<\/p>\n<p>\u201cModestia e nj\u00eb njeriu kaq t\u00eb madh nuk l\u00eb ask\u00ebnd indiferent dhe pa ndjenj\u00ebn e p\u00ebrgjegj\u00ebsis\u00eb ndaj trash\u00ebgimis\u00eb dhe misionit t\u00eb saj \u2013 t\u2019i ndihmojm\u00eb t\u00eb pambrojturit dhe t\u2019i ushqejm\u00eb t\u00eb varf\u00ebrit, por jo vet\u00ebm me buk\u00eb, si\u00e7 ajo dinte t\u00eb thoshte, por edhe me dashuri e respekt\u201d, tha Osmani n\u00eb takimin me Motrat e nderit, \u200b\u200bt\u00eb cilat e vazhdojn\u00eb misionin e Sh\u00ebn Terez\u00ebs.<\/p>\n<p>\u201cNga jeta e saj m\u00ebsojm\u00eb se, N\u00ebn\u00eb Tereza i p\u00ebrmbahej fleksibilitetit dhe p\u00ebrshtatshm\u00ebris\u00eb ekstreme n\u00eb raport me kulturat dhe grupet e ndryshme etnike, karakteristika q\u00eb jam i sigurt se ishin rr\u00ebnjosur thell\u00eb tek ajo nga m\u00ebnyra se si u rrit q\u00eb n\u00eb mosh\u00eb t\u00eb re nga familja e saj n\u00eb Shkup. Ky koncept i ka kap\u00ebrcyer dhe vazhdon t\u2019i kap\u00ebrcej\u00eb barrierat e p\u00ebrkat\u00ebsis\u00eb fetare dhe etnike, me theks n\u00eb toleranc\u00eb dhe harmoni, pavar\u00ebsisht dallimeve\u201d, tha Ministri, duke n\u00ebnvizuar se nga veprimtaria e N\u00ebn\u00eb Terez\u00ebs buron historia, kultura dhe vlerat t\u00eb cilat duhet t\u2019i p\u00ebrkujtojm\u00eb vazhdimisht \u2013 respekt dhe toleranc\u00eb.<\/p>\n<p>N\u00eb agjend\u00ebn e Osmanit n\u00eb Kalkut\u00eb jan\u00eb takimet me Kryetarin e Kalkut\u00ebs, Firhad Hakim, si dhe me Kryetaren e Samitit t\u00eb Investimeve t\u00eb Bengalit Per\u00ebndimor, Vandana Yadav.<\/p>\n","protected":false},"excerpt":{"rendered":"<p>N\u00eb kuad\u00ebr t\u00eb vizit\u00ebs zyrtare n\u00eb Indi, Ministri i Pun\u00ebve t\u00eb Jashtme, Bujar Osmani vendosi lule n\u00eb varrin e N\u00ebn\u00eb Terez\u00ebs n\u00eb Kalkut\u00eb, duke shprehur<\/p>\n","protected":false},"author":14,"featured_media":15489,"comment_status":"open","ping_status":"open","sticky":false,"template":"","format":"standard","meta":{"footnotes":""},"categories":[44],"tags":[],"class_list":["post-15488","post","type-post","status-publish","format-standard","has-post-thumbnail","hentry","category-maqedoni"],"_links":{"self":[{"href":"https:\/\/indeks.bilten.mk\/index.php?rest_route=\/wp\/v2\/posts\/15488","targetHints":{"allow":["GET"]}}],"collection":[{"href":"https:\/\/indeks.bilten.mk\/index.php?rest_route=\/wp\/v2\/posts"}],"about":[{"href":"https:\/\/indeks.bilten.mk\/index.php?rest_route=\/wp\/v2\/types\/post"}],"author":[{"embeddable":true,"href":"https:\/\/indeks.bilten.mk\/index.php?rest_route=\/wp\/v2\/users\/14"}],"replies":[{"embeddable":true,"href":"https:\/\/indeks.bilten.mk\/index.php?rest_route=%2Fwp%2Fv2%2Fcomments&post=15488"}],"version-history":[{"count":0,"href":"https:\/\/indeks.bilten.mk\/index.php?rest_route=\/wp\/v2\/posts\/15488\/revisions"}],"wp:featuredmedia":[{"embeddable":true,"href":"https:\/\/indeks.bilten.mk\/index.php?rest_route=\/wp\/v2\/media\/15489"}],"wp:attachment":[{"href":"https:\/\/indeks.bilten.mk\/index.php?rest_route=%2Fwp%2Fv2%2Fmedia&parent=15488"}],"wp:term":[{"taxonomy":"category","embeddable":true,"href":"https:\/\/indeks.bilten.mk\/index.php?rest_route=%2Fwp%2Fv2%2Fcategories&post=15488"},{"taxonomy":"post_tag","embeddable":true,"href":"https:\/\/indeks.bilten.mk\/index.php?rest_route=%2Fwp%2Fv2%2Ftags&post=15488"}],"curies":[{"name":"wp","href":"https:\/\/api.w.org\/{rel}","templated":true}]}}